{"id":8936,"date":"2019-07-28T13:38:01","date_gmt":"2019-07-28T11:38:01","guid":{"rendered":"http:\/\/lesmaconsdelacreuse.fr\/annuaire\/?p=8936"},"modified":"2020-01-20T11:28:22","modified_gmt":"2020-01-20T10:28:22","slug":"l_1698","status":"publish","type":"post","link":"https:\/\/www.lesmaconsdelacreuse.fr\/annuaires\/lettre-l\/l_1698\/","title":{"rendered":"LINTIGNAT Antoine (1878-apr\u00e8s 1937)"},"content":{"rendered":"<p class=\"last-updated\"><strong>Mis \u00e0 jour le :<\/strong> 29\/04\/2026<\/p><h2 style=\"text-align: center;\"><strong>Antoine LINTIGNAT<\/strong><\/h2>\n<p style=\"text-align: center;\"><strong>1878 \u2013 apr\u00e8s 1937<\/strong><\/p>\n<p style=\"text-align: center;\"><img loading=\"lazy\" decoding=\"async\" class=\"\" title=\"\" src=\"https:\/\/lesmaconsdelacreuse.fr\/annuaire\/wp-content\/uploads\/2019\/07\/image1-2299.jpg\" alt=\"\" width=\"285\" height=\"48\" data-source-id=\"i.0\" data-asset-id=\"8935\" \/><\/p>\n<h4 style=\"text-align: center;\"><span style=\"color: #008000;\"><strong>ma\u00e7on<\/strong><\/span><\/h4>\n<p style=\"text-align: center;\">n\u00e9 \u00e0 Colombes (92)<\/p>\n<p style=\"text-align: center;\">le 17 janvier 1878<\/p>\n<p style=\"text-align: center;\">fils de<\/p>\n<p style=\"text-align: center;\">L\u00e9onard LINTIGNAT, <span style=\"color: #008000;\"><strong>ma\u00e7on<\/strong><\/span><\/p>\n<p style=\"text-align: center;\">Marie JAMMOT, cultivatrice<\/p>\n<p style=\"text-align: center;\"><span style=\"color: #ffffff;\">\u25d9<\/span><\/p>\n<p><strong>En 1899<\/strong><em>, Antoine domicili\u00e9 \u00e0 Terre-Noire, commune de Saint-Junien-la-Breg\u00e8re, avec son p\u00e8re, travaille dans le <\/em><span style=\"color: #0000ff;\"><strong>Rh\u00f4ne <\/strong><\/span><em>et y passe le conseil de r\u00e9vision.<\/em><\/p>\n<p><em>Il \u00e9pouse Maria Val\u00e9rie <\/em><strong>COSSE<\/strong><em> le 2 mars <\/em><strong>1905<\/strong><em> \u00e0 Saint-Junien (contrat Berger \u00e0 Bourganeuf). Ils habitent Terre-Noire. <\/em><\/p>\n<p><em>En mai de la m\u00eame ann\u00e9e, Antoine est \u00e0 <\/em><span style=\"color: #0000ff;\"><strong>Fontaines-sur-Sa\u00f4ne<\/strong> <strong>(69)<\/strong><\/span><em>\u00a0;<\/em><\/p>\n<p><strong>en 1908<\/strong><em>, \u00e0 <\/em><span style=\"color: #0000ff;\"><strong>Lyon (69)<\/strong><\/span><em> , 96, rue Boileau\u00a0;<\/em><\/p>\n<p><strong>en 1914<\/strong><em>, aussi \u00e0 Lyon, 14, rue Fran\u00e7ois Garcin.<\/em><\/p>\n<p><strong>En 1937<\/strong><em>, les \u00e9poux sont ensemble \u00e0 Lyon, \u00e0 l\u2019adresse de 1914, et Maria est finisseuse.<\/em><\/p>\n<p><em>Elle d\u00e9c\u00e8de \u00e0 Alix (69) le 11 octobre <\/em><strong>1968<\/strong><em>, \u00e2g\u00e9e de 85 ans.<\/em><\/p>\n","protected":false},"excerpt":{"rendered":"<p>Mis \u00e0 jour le : 29\/04\/2026Antoine LINTIGNAT 1878 \u2013 apr\u00e8s 1937 ma\u00e7on n\u00e9 \u00e0 Colombes (92) le 17 janvier 1878 fils de L\u00e9onard LINTIGNAT, ma\u00e7on Marie JAMMOT, cultivatrice \u25d9 En 1899, Antoine domicili\u00e9 \u00e0 Terre-Noire, commune de Saint-Junien-la-Breg\u00e8re, avec son p\u00e8re, travaille dans le Rh\u00f4ne et y passe le conseil de r\u00e9vision. Il \u00e9pouse Maria ..<\/p>\n<div class=\"clear-fix\"><\/div>\n<p><a href=\"https:\/\/www.lesmaconsdelacreuse.fr\/annuaires\/lettre-l\/l_1698\/\" title=\"Lire la suite...\">Lire la suite<\/a><\/p>\n","protected":false},"author":6,"featured_media":0,"comment_status":"closed","ping_status":"closed","sticky":false,"template":"","format":"standard","meta":{"_acf_changed":false,"_exactmetrics_skip_tracking":false,"_exactmetrics_sitenote_active":false,"_exactmetrics_sitenote_note":"","_exactmetrics_sitenote_category":0,"footnotes":""},"categories":[19],"tags":[],"class_list":["post-8936","post","type-post","status-publish","format-standard","hentry","category-lettre-l"],"acf":[],"_links":{"self":[{"href":"https:\/\/www.lesmaconsdelacreuse.fr\/annuaires\/wp-json\/wp\/v2\/posts\/8936","targetHints":{"allow":["GET"]}}],"collection":[{"href":"https:\/\/www.lesmaconsdelacreuse.fr\/annuaires\/wp-json\/wp\/v2\/posts"}],"about":[{"href":"https:\/\/www.lesmaconsdelacreuse.fr\/annuaires\/wp-json\/wp\/v2\/types\/post"}],"author":[{"embeddable":true,"href":"https:\/\/www.lesmaconsdelacreuse.fr\/annuaires\/wp-json\/wp\/v2\/users\/6"}],"replies":[{"embeddable":true,"href":"https:\/\/www.lesmaconsdelacreuse.fr\/annuaires\/wp-json\/wp\/v2\/comments?post=8936"}],"version-history":[{"count":0,"href":"https:\/\/www.lesmaconsdelacreuse.fr\/annuaires\/wp-json\/wp\/v2\/posts\/8936\/revisions"}],"wp:attachment":[{"href":"https:\/\/www.lesmaconsdelacreuse.fr\/annuaires\/wp-json\/wp\/v2\/media?parent=8936"}],"wp:term":[{"taxonomy":"category","embeddable":true,"href":"https:\/\/www.lesmaconsdelacreuse.fr\/annuaires\/wp-json\/wp\/v2\/categories?post=8936"},{"taxonomy":"post_tag","embeddable":true,"href":"https:\/\/www.lesmaconsdelacreuse.fr\/annuaires\/wp-json\/wp\/v2\/tags?post=8936"}],"curies":[{"name":"wp","href":"https:\/\/api.w.org\/{rel}","templated":true}]}}