{"id":8939,"date":"2019-07-28T13:38:01","date_gmt":"2019-07-28T11:38:01","guid":{"rendered":"http:\/\/lesmaconsdelacreuse.fr\/annuaire\/?p=8939"},"modified":"2020-10-03T13:48:42","modified_gmt":"2020-10-03T11:48:42","slug":"l_1684","status":"publish","type":"post","link":"https:\/\/www.lesmaconsdelacreuse.fr\/annuaires\/lettre-l\/l_1684\/","title":{"rendered":"LIARD Augustin (1858-1911)"},"content":{"rendered":"<p class=\"last-updated\"><strong>Mis \u00e0 jour le :<\/strong> 29\/04\/2026<\/p><h2 style=\"text-align: center;\"><strong>Augustin LIARD<\/strong><\/h2>\n<p style=\"text-align: center;\"><strong>Auguste LIARD<\/strong><\/p>\n<p style=\"text-align: center;\"><strong>1858 \u2013 1911<\/strong><\/p>\n<p style=\"text-align: center;\"><img loading=\"lazy\" decoding=\"async\" class=\"\" title=\"\" src=\"https:\/\/lesmaconsdelacreuse.fr\/annuaire\/wp-content\/uploads\/2019\/07\/image1-2300.jpg\" alt=\"\" width=\"295\" height=\"67\" data-source-id=\"i.0\" data-asset-id=\"8937\" \/><\/p>\n<h4 style=\"text-align: center;\"><span style=\"color: #008000;\"><strong>ma\u00e7on<\/strong><\/span><\/h4>\n<p>&nbsp;<\/p>\n<p style=\"text-align: center;\">n\u00e9 au Petit-Auriat (Saint-Junien-la-Breg\u00e8re)<\/p>\n<p style=\"text-align: center;\">le 25 f\u00e9vrier 1858<\/p>\n<p style=\"text-align: center;\"><em>selon son acte de mariage<\/em><\/p>\n<p style=\"text-align: center;\">fils de<\/p>\n<p style=\"text-align: center;\">L\u00e9ger LIARD, <span style=\"color: #008000;\"><strong>ma\u00e7on<\/strong> <\/span>et \u25ba<a href=\"https:\/\/www.lesmaconsdelacreuse.fr\/annuaires\/wp-content\/uploads\/2020\/08\/SCIEUR-DE-LONG.png\" target=\"_blank\" rel=\"noopener noreferrer\">scieur de long<\/a><\/p>\n<p style=\"text-align: center;\">Fran\u00e7oise BONTEMPS<\/p>\n<p style=\"text-align: center;\">propri\u00e9taires cultivateurs<\/p>\n<p style=\"text-align: center;\"><span style=\"color: #ffffff;\">\u25d9<\/span><\/p>\n<p><strong>En 1884<\/strong><em>, Augustin travaille \u00e0 <\/em><strong><span style=\"color: #0000ff;\">Lyon (69)<\/span>.<\/strong><em> Il loge 9, rue du Pont d\u2019 Ala\u00ef, et ne sait pas encore signer.<\/em><\/p>\n<p><em>Il \u00e9pouse le 5 juillet de la m\u00eame ann\u00e9e \u00e0 Lyon 5e Louise <\/em><strong>DUMOULIN<\/strong><em>, <strong>\u25ba<\/strong> <a href=\"https:\/\/www.lesmaconsdelacreuse.fr\/annuaires\/wp-content\/uploads\/2019\/08\/D\u00c9VIDEUSE.png\" target=\"_blank\" rel=\"noopener noreferrer\">d\u00e9videuse<\/a> n\u00e9e \u00e0 Nice (mari\u00e9s sans contrat). <\/em><\/p>\n<p><strong>En 1885<\/strong><em>, les \u00e9poux habitent 5, rue de B\u00e9arn, 3e arrondissement\u00a0;<\/em><\/p>\n<p><strong>en 1891<\/strong><em>, 46, rue des Macchab\u00e9es, et Louise est tisseuse.<\/em><\/p>\n<p><strong>En 1908<\/strong><em>, Augustin est domicili\u00e9 au Bois-Soleil, commune de Saint-Moreil, et Louise, \u00e0 Lyon, 133, cours Lafayette. <\/em><\/p>\n<p><em>Augustin d\u00e9c\u00e8de au Bois-Soleil le 19 mai <\/em><strong>1911<\/strong><em>, \u00e2g\u00e9 de 53 ans.<\/em><\/p>\n<p>&nbsp;<\/p>\n","protected":false},"excerpt":{"rendered":"<p>Mis \u00e0 jour le : 29\/04\/2026Augustin LIARD Auguste LIARD 1858 \u2013 1911 ma\u00e7on &nbsp; n\u00e9 au Petit-Auriat (Saint-Junien-la-Breg\u00e8re) le 25 f\u00e9vrier 1858 selon son acte de mariage fils de L\u00e9ger LIARD, ma\u00e7on et \u25bascieur de long Fran\u00e7oise BONTEMPS propri\u00e9taires cultivateurs \u25d9 En 1884, Augustin travaille \u00e0 Lyon (69). Il loge 9, rue du Pont d\u2019 ..<\/p>\n<div class=\"clear-fix\"><\/div>\n<p><a href=\"https:\/\/www.lesmaconsdelacreuse.fr\/annuaires\/lettre-l\/l_1684\/\" title=\"Lire la suite...\">Lire la suite<\/a><\/p>\n","protected":false},"author":6,"featured_media":0,"comment_status":"closed","ping_status":"closed","sticky":false,"template":"","format":"standard","meta":{"_acf_changed":false,"_exactmetrics_skip_tracking":false,"_exactmetrics_sitenote_active":false,"_exactmetrics_sitenote_note":"","_exactmetrics_sitenote_category":0,"footnotes":""},"categories":[19],"tags":[],"class_list":["post-8939","post","type-post","status-publish","format-standard","hentry","category-lettre-l"],"acf":[],"_links":{"self":[{"href":"https:\/\/www.lesmaconsdelacreuse.fr\/annuaires\/wp-json\/wp\/v2\/posts\/8939","targetHints":{"allow":["GET"]}}],"collection":[{"href":"https:\/\/www.lesmaconsdelacreuse.fr\/annuaires\/wp-json\/wp\/v2\/posts"}],"about":[{"href":"https:\/\/www.lesmaconsdelacreuse.fr\/annuaires\/wp-json\/wp\/v2\/types\/post"}],"author":[{"embeddable":true,"href":"https:\/\/www.lesmaconsdelacreuse.fr\/annuaires\/wp-json\/wp\/v2\/users\/6"}],"replies":[{"embeddable":true,"href":"https:\/\/www.lesmaconsdelacreuse.fr\/annuaires\/wp-json\/wp\/v2\/comments?post=8939"}],"version-history":[{"count":0,"href":"https:\/\/www.lesmaconsdelacreuse.fr\/annuaires\/wp-json\/wp\/v2\/posts\/8939\/revisions"}],"wp:attachment":[{"href":"https:\/\/www.lesmaconsdelacreuse.fr\/annuaires\/wp-json\/wp\/v2\/media?parent=8939"}],"wp:term":[{"taxonomy":"category","embeddable":true,"href":"https:\/\/www.lesmaconsdelacreuse.fr\/annuaires\/wp-json\/wp\/v2\/categories?post=8939"},{"taxonomy":"post_tag","embeddable":true,"href":"https:\/\/www.lesmaconsdelacreuse.fr\/annuaires\/wp-json\/wp\/v2\/tags?post=8939"}],"curies":[{"name":"wp","href":"https:\/\/api.w.org\/{rel}","templated":true}]}}