{"id":8944,"date":"2019-07-28T13:38:01","date_gmt":"2019-07-28T11:38:01","guid":{"rendered":"http:\/\/lesmaconsdelacreuse.fr\/annuaire\/?p=8944"},"modified":"2020-10-03T14:11:59","modified_gmt":"2020-10-03T12:11:59","slug":"l_1691","status":"publish","type":"post","link":"https:\/\/www.lesmaconsdelacreuse.fr\/annuaires\/lettre-l\/l_1691\/","title":{"rendered":"LIARD L\u00e9ger (1800-1862)"},"content":{"rendered":"<p class=\"last-updated\"><strong>Mis \u00e0 jour le :<\/strong> 29\/04\/2026<\/p><h2 style=\"text-align: center;\"><strong>L\u00e9ger LIARD<\/strong><\/h2>\n<p style=\"text-align: center;\"><strong>1800 \u2013 1862<\/strong><\/p>\n<p style=\"text-align: center;\"><img decoding=\"async\" title=\"\" src=\"https:\/\/lesmaconsdelacreuse.fr\/annuaire\/wp-content\/uploads\/2019\/07\/image1-2303.jpg\" alt=\"\" data-source-id=\"i.0\" data-asset-id=\"8942\" \/><\/p>\n<h4 style=\"text-align: center;\"><span style=\"color: #008000;\"><strong>ma\u00e7on<\/strong> et <strong>\u25ba<a href=\"https:\/\/www.lesmaconsdelacreuse.fr\/annuaires\/wp-content\/uploads\/2020\/08\/SCIEUR-DE-LONG.png\" target=\"_blank\" rel=\"noopener noreferrer\"><span style=\"color: #008000;\">scieur de long<\/span><\/a><\/strong>;\u00a0<strong>propri\u00e9taire cultivateur<\/strong><\/span><\/h4>\n<p>&nbsp;<\/p>\n<p style=\"text-align: center;\">n\u00e9 \u00e0 Vauveix (Roy\u00e8re)<\/p>\n<p style=\"text-align: center;\">le 16 pluvi\u00f4se an VIII (5 f\u00e9vrier 1800)<\/p>\n<p style=\"text-align: center;\">fils de<\/p>\n<p style=\"text-align: center;\">L\u00e9onard LIARD \/ Catherine LAMARSALLE<\/p>\n<p style=\"text-align: center;\">propri\u00e9taires cultivateurs<\/p>\n<p style=\"text-align: center;\"><span style=\"color: #ffffff;\">\u25d9<\/span><\/p>\n<p><em>L\u00e9ger \u00e9pouse Fran\u00e7oise <\/em><strong>BONTEMPS<\/strong><em> le 12 novembre <\/em><strong>1822<\/strong><em> \u00e0 Roy\u00e8re.<\/em><\/p>\n<p><em> Ils habitent Le Petit-Auriat, commune de Saint-Junien-la-Breg\u00e8re.<\/em><\/p>\n<p><em>Ils y d\u00e9c\u00e8dent\u00a0:<\/em><\/p>\n<ul>\n<li><em>Fran\u00e7oise, le 8 novembre <\/em><strong>1861<\/strong>,<em> \u00e2g\u00e9e de 61 ans<\/em><\/li>\n<li><em> L\u00e9ger, le 14 mai <\/em><strong>1862<\/strong>,<em> \u00e2g\u00e9 de 62 ans <\/em><\/li>\n<\/ul>\n<p>&nbsp;<\/p>\n","protected":false},"excerpt":{"rendered":"<p>Mis \u00e0 jour le : 29\/04\/2026L\u00e9ger LIARD 1800 \u2013 1862 ma\u00e7on et \u25bascieur de long;\u00a0propri\u00e9taire cultivateur &nbsp; n\u00e9 \u00e0 Vauveix (Roy\u00e8re) le 16 pluvi\u00f4se an VIII (5 f\u00e9vrier 1800) fils de L\u00e9onard LIARD \/ Catherine LAMARSALLE propri\u00e9taires cultivateurs \u25d9 L\u00e9ger \u00e9pouse Fran\u00e7oise BONTEMPS le 12 novembre 1822 \u00e0 Roy\u00e8re. Ils habitent Le Petit-Auriat, commune de ..<\/p>\n<div class=\"clear-fix\"><\/div>\n<p><a href=\"https:\/\/www.lesmaconsdelacreuse.fr\/annuaires\/lettre-l\/l_1691\/\" title=\"Lire la suite...\">Lire la suite<\/a><\/p>\n","protected":false},"author":6,"featured_media":0,"comment_status":"closed","ping_status":"closed","sticky":false,"template":"","format":"standard","meta":{"_acf_changed":false,"_exactmetrics_skip_tracking":false,"_exactmetrics_sitenote_active":false,"_exactmetrics_sitenote_note":"","_exactmetrics_sitenote_category":0,"footnotes":""},"categories":[19],"tags":[],"class_list":["post-8944","post","type-post","status-publish","format-standard","hentry","category-lettre-l"],"acf":[],"_links":{"self":[{"href":"https:\/\/www.lesmaconsdelacreuse.fr\/annuaires\/wp-json\/wp\/v2\/posts\/8944","targetHints":{"allow":["GET"]}}],"collection":[{"href":"https:\/\/www.lesmaconsdelacreuse.fr\/annuaires\/wp-json\/wp\/v2\/posts"}],"about":[{"href":"https:\/\/www.lesmaconsdelacreuse.fr\/annuaires\/wp-json\/wp\/v2\/types\/post"}],"author":[{"embeddable":true,"href":"https:\/\/www.lesmaconsdelacreuse.fr\/annuaires\/wp-json\/wp\/v2\/users\/6"}],"replies":[{"embeddable":true,"href":"https:\/\/www.lesmaconsdelacreuse.fr\/annuaires\/wp-json\/wp\/v2\/comments?post=8944"}],"version-history":[{"count":0,"href":"https:\/\/www.lesmaconsdelacreuse.fr\/annuaires\/wp-json\/wp\/v2\/posts\/8944\/revisions"}],"wp:attachment":[{"href":"https:\/\/www.lesmaconsdelacreuse.fr\/annuaires\/wp-json\/wp\/v2\/media?parent=8944"}],"wp:term":[{"taxonomy":"category","embeddable":true,"href":"https:\/\/www.lesmaconsdelacreuse.fr\/annuaires\/wp-json\/wp\/v2\/categories?post=8944"},{"taxonomy":"post_tag","embeddable":true,"href":"https:\/\/www.lesmaconsdelacreuse.fr\/annuaires\/wp-json\/wp\/v2\/tags?post=8944"}],"curies":[{"name":"wp","href":"https:\/\/api.w.org\/{rel}","templated":true}]}}