{"id":8953,"date":"2019-07-28T13:37:59","date_gmt":"2019-07-28T11:37:59","guid":{"rendered":"http:\/\/lesmaconsdelacreuse.fr\/annuaire\/?p=8953"},"modified":"2020-08-23T15:34:30","modified_gmt":"2020-08-23T13:34:30","slug":"l_1668","status":"publish","type":"post","link":"https:\/\/www.lesmaconsdelacreuse.fr\/annuaires\/lettre-l\/l_1668\/","title":{"rendered":"LHERITIER Martial (1764-1797)"},"content":{"rendered":"<p class=\"last-updated\"><strong>Mis \u00e0 jour le :<\/strong> 29\/04\/2026<\/p><h2 style=\"text-align: center;\"><strong>Martial LH\u00c9RITIER<\/strong><\/h2>\n<p style=\"text-align: center;\"><strong>1764 \u2013 1797<\/strong><\/p>\n<p style=\"text-align: center;\"><img loading=\"lazy\" decoding=\"async\" class=\"\" title=\"\" src=\"https:\/\/lesmaconsdelacreuse.fr\/annuaire\/wp-content\/uploads\/2019\/07\/image1-2305.jpg\" alt=\"\" width=\"508\" height=\"71\" data-source-id=\"i.0\" data-asset-id=\"8951\" \/><\/p>\n<h4 style=\"text-align: center;\"><span style=\"color: #008000;\"><strong>ma\u00e7on <\/strong>et <strong>cultivateur<\/strong><\/span><\/h4>\n<p style=\"text-align: center;\">n\u00e9 au Planchadeau (Saint-Pierre-le-Bost)<\/p>\n<p style=\"text-align: center;\">le 1er octobre 1764<\/p>\n<p style=\"text-align: center;\">fils de<\/p>\n<p style=\"text-align: center;\">Aubin LH\u00c9RITIER \/ Catherine COMPERON<\/p>\n<p style=\"text-align: center;\">laboureurs<\/p>\n<p style=\"text-align: center;\"><span style=\"color: #ffffff;\">\u25d9<\/span><\/p>\n<p><em>Martial \u00e9pouse Fran\u00e7oise <\/em><strong>PHILIPPONNET <\/strong><em>le 3 f\u00e9vrier <\/em><strong>1789<\/strong><em> \u00e0 Saint-Pierre\u00a0; il ne sait pas encore signer.<\/em><\/p>\n<p><em> Ils habitent Le Planchadeau.<\/em><\/p>\n<p><em>Martial y d\u00e9c\u00e8de le 5 germinal an V (25 mars <\/em><strong>1797<\/strong><em>), \u00e2g\u00e9 de 32 ans. <\/em><\/p>\n<p><em>Sa veuve se remarie en 1798 avec Yves LENOIR, ma\u00e7on, et d\u00e9c\u00e8de au Planchadeau le 28 juin 1855, \u00e2g\u00e9e de 84 ans environ. <\/em><\/p>\n","protected":false},"excerpt":{"rendered":"<p>Mis \u00e0 jour le : 29\/04\/2026Martial LH\u00c9RITIER 1764 \u2013 1797 ma\u00e7on et cultivateur n\u00e9 au Planchadeau (Saint-Pierre-le-Bost) le 1er octobre 1764 fils de Aubin LH\u00c9RITIER \/ Catherine COMPERON laboureurs \u25d9 Martial \u00e9pouse Fran\u00e7oise PHILIPPONNET le 3 f\u00e9vrier 1789 \u00e0 Saint-Pierre\u00a0; il ne sait pas encore signer. Ils habitent Le Planchadeau. Martial y d\u00e9c\u00e8de le 5 ..<\/p>\n<div class=\"clear-fix\"><\/div>\n<p><a href=\"https:\/\/www.lesmaconsdelacreuse.fr\/annuaires\/lettre-l\/l_1668\/\" title=\"Lire la suite...\">Lire la suite<\/a><\/p>\n","protected":false},"author":6,"featured_media":0,"comment_status":"closed","ping_status":"closed","sticky":false,"template":"","format":"standard","meta":{"_acf_changed":false,"_exactmetrics_skip_tracking":false,"_exactmetrics_sitenote_active":false,"_exactmetrics_sitenote_note":"","_exactmetrics_sitenote_category":0,"footnotes":""},"categories":[19],"tags":[],"class_list":["post-8953","post","type-post","status-publish","format-standard","hentry","category-lettre-l"],"acf":[],"_links":{"self":[{"href":"https:\/\/www.lesmaconsdelacreuse.fr\/annuaires\/wp-json\/wp\/v2\/posts\/8953","targetHints":{"allow":["GET"]}}],"collection":[{"href":"https:\/\/www.lesmaconsdelacreuse.fr\/annuaires\/wp-json\/wp\/v2\/posts"}],"about":[{"href":"https:\/\/www.lesmaconsdelacreuse.fr\/annuaires\/wp-json\/wp\/v2\/types\/post"}],"author":[{"embeddable":true,"href":"https:\/\/www.lesmaconsdelacreuse.fr\/annuaires\/wp-json\/wp\/v2\/users\/6"}],"replies":[{"embeddable":true,"href":"https:\/\/www.lesmaconsdelacreuse.fr\/annuaires\/wp-json\/wp\/v2\/comments?post=8953"}],"version-history":[{"count":0,"href":"https:\/\/www.lesmaconsdelacreuse.fr\/annuaires\/wp-json\/wp\/v2\/posts\/8953\/revisions"}],"wp:attachment":[{"href":"https:\/\/www.lesmaconsdelacreuse.fr\/annuaires\/wp-json\/wp\/v2\/media?parent=8953"}],"wp:term":[{"taxonomy":"category","embeddable":true,"href":"https:\/\/www.lesmaconsdelacreuse.fr\/annuaires\/wp-json\/wp\/v2\/categories?post=8953"},{"taxonomy":"post_tag","embeddable":true,"href":"https:\/\/www.lesmaconsdelacreuse.fr\/annuaires\/wp-json\/wp\/v2\/tags?post=8953"}],"curies":[{"name":"wp","href":"https:\/\/api.w.org\/{rel}","templated":true}]}}