{"id":8958,"date":"2019-07-28T13:37:59","date_gmt":"2019-07-28T11:37:59","guid":{"rendered":"http:\/\/lesmaconsdelacreuse.fr\/annuaire\/?p=8958"},"modified":"2022-04-15T10:40:56","modified_gmt":"2022-04-15T08:40:56","slug":"l_1643","status":"publish","type":"post","link":"https:\/\/www.lesmaconsdelacreuse.fr\/annuaires\/lettre-l\/l_1643\/","title":{"rendered":"LEYLAVERGNE Jean (1878-1921)"},"content":{"rendered":"<p class=\"last-updated\"><strong>Mis \u00e0 jour le :<\/strong> 29\/04\/2026<\/p><h2 style=\"text-align: center;\"><strong>Jean LEYLAVERGNE<\/strong><\/h2>\n<p style=\"text-align: center;\"><strong>1878 \u2013 1921<\/strong><\/p>\n<h4 style=\"text-align: center;\"><span style=\"color: #008000;\"><strong>ma\u00e7on<\/strong><\/span><\/h4>\n<p style=\"text-align: center;\">n\u00e9 \u00e0 Arfeuille (Saint-Junien-la-Breg\u00e8re)<\/p>\n<p style=\"text-align: center;\">le 29 juillet 1878<\/p>\n<p style=\"text-align: center;\">fils de<\/p>\n<p style=\"text-align: center;\">Jean LEYLAVERGNE \/ L\u00e9onarde L\u00c9LY<\/p>\n<p style=\"text-align: center;\">cultivateurs<\/p>\n<p style=\"text-align: center;\"><span style=\"color: #ffffff;\">\u25d9<\/span><\/p>\n<p><strong>En 1899<\/strong><em>, Jean passe le conseil de r\u00e9vision dans la <\/em><span style=\"color: #0000ff;\"><strong>Seine (75)<\/strong><\/span><em>.<\/em><\/p>\n<p><strong>En 1901<\/strong><em>, il travaille \u00e0 <\/em><strong><span style=\"color: #0000ff;\">Paris (75)<\/span>,<\/strong><em> et loge 2, rue Descartes\u00a0;<\/em><\/p>\n<p><strong><em>\u00a0<\/em>en 1911<\/strong><em>, 73, rue Buffon.<\/em><\/p>\n<p><strong>En 1919<\/strong><em>, il est domicili\u00e9 \u00e0 La Roussille, commune de Chavanat.<\/em><\/p>\n<p><em>\u00a0<\/em><em>Il d\u00e9c\u00e8de \u00e0 Paris le 26 novembre <\/em><strong>1921<\/strong><em>, \u00e2g\u00e9 de 43 ans.<\/em><\/p>\n","protected":false},"excerpt":{"rendered":"<p>Mis \u00e0 jour le : 29\/04\/2026Jean LEYLAVERGNE 1878 \u2013 1921 ma\u00e7on n\u00e9 \u00e0 Arfeuille (Saint-Junien-la-Breg\u00e8re) le 29 juillet 1878 fils de Jean LEYLAVERGNE \/ L\u00e9onarde L\u00c9LY cultivateurs \u25d9 En 1899, Jean passe le conseil de r\u00e9vision dans la Seine (75). En 1901, il travaille \u00e0 Paris (75), et loge 2, rue Descartes\u00a0; \u00a0en 1911, 73, ..<\/p>\n<div class=\"clear-fix\"><\/div>\n<p><a href=\"https:\/\/www.lesmaconsdelacreuse.fr\/annuaires\/lettre-l\/l_1643\/\" title=\"Lire la suite...\">Lire la suite<\/a><\/p>\n","protected":false},"author":6,"featured_media":0,"comment_status":"closed","ping_status":"closed","sticky":false,"template":"","format":"standard","meta":{"_acf_changed":false,"_exactmetrics_skip_tracking":false,"_exactmetrics_sitenote_active":false,"_exactmetrics_sitenote_note":"","_exactmetrics_sitenote_category":0,"footnotes":""},"categories":[19],"tags":[],"class_list":["post-8958","post","type-post","status-publish","format-standard","hentry","category-lettre-l"],"acf":[],"_links":{"self":[{"href":"https:\/\/www.lesmaconsdelacreuse.fr\/annuaires\/wp-json\/wp\/v2\/posts\/8958","targetHints":{"allow":["GET"]}}],"collection":[{"href":"https:\/\/www.lesmaconsdelacreuse.fr\/annuaires\/wp-json\/wp\/v2\/posts"}],"about":[{"href":"https:\/\/www.lesmaconsdelacreuse.fr\/annuaires\/wp-json\/wp\/v2\/types\/post"}],"author":[{"embeddable":true,"href":"https:\/\/www.lesmaconsdelacreuse.fr\/annuaires\/wp-json\/wp\/v2\/users\/6"}],"replies":[{"embeddable":true,"href":"https:\/\/www.lesmaconsdelacreuse.fr\/annuaires\/wp-json\/wp\/v2\/comments?post=8958"}],"version-history":[{"count":2,"href":"https:\/\/www.lesmaconsdelacreuse.fr\/annuaires\/wp-json\/wp\/v2\/posts\/8958\/revisions"}],"predecessor-version":[{"id":197636,"href":"https:\/\/www.lesmaconsdelacreuse.fr\/annuaires\/wp-json\/wp\/v2\/posts\/8958\/revisions\/197636"}],"wp:attachment":[{"href":"https:\/\/www.lesmaconsdelacreuse.fr\/annuaires\/wp-json\/wp\/v2\/media?parent=8958"}],"wp:term":[{"taxonomy":"category","embeddable":true,"href":"https:\/\/www.lesmaconsdelacreuse.fr\/annuaires\/wp-json\/wp\/v2\/categories?post=8958"},{"taxonomy":"post_tag","embeddable":true,"href":"https:\/\/www.lesmaconsdelacreuse.fr\/annuaires\/wp-json\/wp\/v2\/tags?post=8958"}],"curies":[{"name":"wp","href":"https:\/\/api.w.org\/{rel}","templated":true}]}}