{"id":8963,"date":"2019-07-28T13:37:56","date_gmt":"2019-07-28T11:37:56","guid":{"rendered":"http:\/\/lesmaconsdelacreuse.fr\/annuaire\/?p=8963"},"modified":"2022-04-15T15:07:53","modified_gmt":"2022-04-15T13:07:53","slug":"l_1681","status":"publish","type":"post","link":"https:\/\/www.lesmaconsdelacreuse.fr\/annuaires\/lettre-l\/l_1681\/","title":{"rendered":"LIARD Arnaud (1794-1879)"},"content":{"rendered":"<p class=\"last-updated\"><strong>Mis \u00e0 jour le :<\/strong> 29\/04\/2026<\/p><h2 style=\"text-align: center;\"><strong>Arnaud LIARD<\/strong><\/h2>\n<p style=\"text-align: center;\"><strong>1794 \u2013 1879<\/strong><\/p>\n<p style=\"text-align: center;\"><img decoding=\"async\" title=\"\" src=\"https:\/\/lesmaconsdelacreuse.fr\/annuaire\/wp-content\/uploads\/2019\/07\/image1-2309.jpg\" alt=\"\" data-source-id=\"i.0\" data-asset-id=\"8961\" \/><\/p>\n<h4 style=\"text-align: center;\"><span style=\"color: #008000;\"><strong>ma\u00e7on<\/strong> et <strong>\u25ba<a href=\"https:\/\/www.lesmaconsdelacreuse.fr\/annuaires\/wp-content\/uploads\/2020\/08\/SCIEUR-DE-LONG.png\" target=\"_blank\" rel=\"noopener noreferrer\"><span style=\"color: #008000;\">scieur de long<\/span><\/a><\/strong>;\u00a0<strong>cultivateur<\/strong><\/span><\/h4>\n<p>&nbsp;<\/p>\n<p style=\"text-align: center;\">n\u00e9 \u00e0 Vervialle (Faux-la-Montagne)<\/p>\n<p style=\"text-align: center;\">le 30 septembre 1794<\/p>\n<p style=\"text-align: center;\">fils de<\/p>\n<p style=\"text-align: center;\">L\u00e9onard LIARD \/ Catherine LAMARSALLE<\/p>\n<p style=\"text-align: center;\">propri\u00e9taires cultivateurs<\/p>\n<p style=\"text-align: center;\"><span style=\"color: #ffffff;\">\u25d9<\/span><\/p>\n<p><em>Arnaud \u00e9pouse Fran\u00e7oise <\/em><strong>BEZAUD<\/strong><em> le 17 septembre <\/em><strong>1815<\/strong><em> \u00e0 Roy\u00e8re.<\/em><\/p>\n<p><em> Ils habitent d&rsquo;abord Le Leyris, commune de Roy\u00e8re.<\/em><\/p>\n<p><em>Ils sont ensuite au M\u00e9zounioux, commune de Saint-Yrieix-la-Montagne\u00a0:<\/em><\/p>\n<p><em>\u00a0<\/em><em>Ils y d\u00e9c\u00e8dent\u00a0:<\/em><\/p>\n<ul>\n<li><em>Fran\u00e7oise, le 14 octobre <\/em><strong>1856<\/strong><em>, \u00e2g\u00e9e de 57 ans<\/em><\/li>\n<li><em>Arnaud, le 23 f\u00e9vrier <\/em><strong>1879<\/strong><em>, \u00e2g\u00e9 de 84 ans<\/em><\/li>\n<\/ul>\n","protected":false},"excerpt":{"rendered":"<p>Mis \u00e0 jour le : 29\/04\/2026Arnaud LIARD 1794 \u2013 1879 ma\u00e7on et \u25bascieur de long;\u00a0cultivateur &nbsp; n\u00e9 \u00e0 Vervialle (Faux-la-Montagne) le 30 septembre 1794 fils de L\u00e9onard LIARD \/ Catherine LAMARSALLE propri\u00e9taires cultivateurs \u25d9 Arnaud \u00e9pouse Fran\u00e7oise BEZAUD le 17 septembre 1815 \u00e0 Roy\u00e8re. Ils habitent d&rsquo;abord Le Leyris, commune de Roy\u00e8re. Ils sont ensuite ..<\/p>\n<div class=\"clear-fix\"><\/div>\n<p><a href=\"https:\/\/www.lesmaconsdelacreuse.fr\/annuaires\/lettre-l\/l_1681\/\" title=\"Lire la suite...\">Lire la suite<\/a><\/p>\n","protected":false},"author":6,"featured_media":0,"comment_status":"closed","ping_status":"closed","sticky":false,"template":"","format":"standard","meta":{"_acf_changed":false,"_exactmetrics_skip_tracking":false,"_exactmetrics_sitenote_active":false,"_exactmetrics_sitenote_note":"","_exactmetrics_sitenote_category":0,"footnotes":""},"categories":[19],"tags":[],"class_list":["post-8963","post","type-post","status-publish","format-standard","hentry","category-lettre-l"],"acf":[],"_links":{"self":[{"href":"https:\/\/www.lesmaconsdelacreuse.fr\/annuaires\/wp-json\/wp\/v2\/posts\/8963","targetHints":{"allow":["GET"]}}],"collection":[{"href":"https:\/\/www.lesmaconsdelacreuse.fr\/annuaires\/wp-json\/wp\/v2\/posts"}],"about":[{"href":"https:\/\/www.lesmaconsdelacreuse.fr\/annuaires\/wp-json\/wp\/v2\/types\/post"}],"author":[{"embeddable":true,"href":"https:\/\/www.lesmaconsdelacreuse.fr\/annuaires\/wp-json\/wp\/v2\/users\/6"}],"replies":[{"embeddable":true,"href":"https:\/\/www.lesmaconsdelacreuse.fr\/annuaires\/wp-json\/wp\/v2\/comments?post=8963"}],"version-history":[{"count":2,"href":"https:\/\/www.lesmaconsdelacreuse.fr\/annuaires\/wp-json\/wp\/v2\/posts\/8963\/revisions"}],"predecessor-version":[{"id":197646,"href":"https:\/\/www.lesmaconsdelacreuse.fr\/annuaires\/wp-json\/wp\/v2\/posts\/8963\/revisions\/197646"}],"wp:attachment":[{"href":"https:\/\/www.lesmaconsdelacreuse.fr\/annuaires\/wp-json\/wp\/v2\/media?parent=8963"}],"wp:term":[{"taxonomy":"category","embeddable":true,"href":"https:\/\/www.lesmaconsdelacreuse.fr\/annuaires\/wp-json\/wp\/v2\/categories?post=8963"},{"taxonomy":"post_tag","embeddable":true,"href":"https:\/\/www.lesmaconsdelacreuse.fr\/annuaires\/wp-json\/wp\/v2\/tags?post=8963"}],"curies":[{"name":"wp","href":"https:\/\/api.w.org\/{rel}","templated":true}]}}