{"id":8972,"date":"2019-07-28T13:37:54","date_gmt":"2019-07-28T11:37:54","guid":{"rendered":"http:\/\/lesmaconsdelacreuse.fr\/annuaire\/?p=8972"},"modified":"2022-04-15T10:55:28","modified_gmt":"2022-04-15T08:55:28","slug":"l_1648","status":"publish","type":"post","link":"https:\/\/www.lesmaconsdelacreuse.fr\/annuaires\/lettre-l\/l_1648\/","title":{"rendered":"LEYLAVERGNE Th\u00e9ophile (1886-1956)"},"content":{"rendered":"<p class=\"last-updated\"><strong>Mis \u00e0 jour le :<\/strong> 29\/04\/2026<\/p><h2 style=\"text-align: center;\"><strong>Th\u00e9ophile LEYLAVERGNE<\/strong><\/h2>\n<p style=\"text-align: center;\"><strong>1886 \u2013 1956<\/strong><\/p>\n<h4 style=\"text-align: center;\"><span style=\"color: #008000;\"><strong>ma\u00e7on &#8211; chef de chantier<\/strong><\/span><\/h4>\n<p style=\"text-align: center;\">n\u00e9 \u00e0 Montauveix (Saint-Junien-la-Breg\u00e8re)<\/p>\n<p style=\"text-align: center;\">le 15 f\u00e9vrier 1886<\/p>\n<p style=\"text-align: center;\">fils de<\/p>\n<p style=\"text-align: center;\">L\u00e9onard LEYLAVERGNE \/ Germaine Fran\u00e7oise CATINAUD<\/p>\n<p style=\"text-align: center;\">cultivateurs<\/p>\n<p style=\"text-align: center;\"><span style=\"color: #ffffff;\">\u25d9<\/span><\/p>\n<p><strong>En 1911<\/strong><em>, <\/em><span style=\"color: #008000;\"><strong>ma\u00e7on<\/strong><\/span><em>, Th\u00e9ophile travaille \u00e0 <\/em><span style=\"color: #0000ff;\"><strong>Paris (75)<\/strong><\/span><em>, et habite 3, rue Lac\u00e9p\u00e8de dans le 5e arrondissement. <\/em><\/p>\n<p><strong>En 1913<\/strong><em>, il est \u00e0 <\/em><span style=\"color: #0000ff;\"><strong>Fleury-en-Bi\u00e8re (77)<\/strong><\/span><em><span style=\"color: #0000ff;\">\u00a0<\/span>;<\/em><\/p>\n<p><strong>en 1914<\/strong><em>, \u00e0 Paris , 13, rue des Foss\u00e9s Saint-Marcel, 5e arrondissement.<\/em><\/p>\n<p><em> Il \u00e9pouse Anna Marie Louise <\/em><strong>PEIX <\/strong><em>le 15 mars <\/em><strong>1920<\/strong><em> \u00e0 Saint-Pierre-le-Bost (contrat Berger \u00e0 Bourganeuf). <\/em><\/p>\n<p><em>En avril de la m\u00eame ann\u00e9e, il est de nouveau \u00e0 Paris 5e.<\/em><\/p>\n<p><strong>En 1926<\/strong><em>, les \u00e9poux habitent 41, rue Buffon, 5<sup>e<\/sup> arrondissement.<\/em><\/p>\n<p><em>\u00a0<\/em><em>Anna d\u00e9c\u00e8de \u00e0 cette adresse le 20 juillet de la m\u00eame ann\u00e9e, \u00e2g\u00e9e de 33 ans.<\/em><\/p>\n<p><strong>En 1931<\/strong>, <em>Th\u00e9ophile est<\/em> <span style=\"color: #008000;\"><strong>chef de chantier.<\/strong><\/span><\/p>\n<p><em>Il d\u00e9c\u00e8de \u00e0 Paris 13e le 29 janvier <\/em><strong>1956<\/strong><em>, \u00e2g\u00e9 de 69 ans. <\/em><\/p>\n","protected":false},"excerpt":{"rendered":"<p>Mis \u00e0 jour le : 29\/04\/2026Th\u00e9ophile LEYLAVERGNE 1886 \u2013 1956 ma\u00e7on &#8211; chef de chantier n\u00e9 \u00e0 Montauveix (Saint-Junien-la-Breg\u00e8re) le 15 f\u00e9vrier 1886 fils de L\u00e9onard LEYLAVERGNE \/ Germaine Fran\u00e7oise CATINAUD cultivateurs \u25d9 En 1911, ma\u00e7on, Th\u00e9ophile travaille \u00e0 Paris (75), et habite 3, rue Lac\u00e9p\u00e8de dans le 5e arrondissement. En 1913, il est \u00e0 ..<\/p>\n<div class=\"clear-fix\"><\/div>\n<p><a href=\"https:\/\/www.lesmaconsdelacreuse.fr\/annuaires\/lettre-l\/l_1648\/\" title=\"Lire la suite...\">Lire la suite<\/a><\/p>\n","protected":false},"author":6,"featured_media":0,"comment_status":"closed","ping_status":"closed","sticky":false,"template":"","format":"standard","meta":{"_acf_changed":false,"_exactmetrics_skip_tracking":false,"_exactmetrics_sitenote_active":false,"_exactmetrics_sitenote_note":"","_exactmetrics_sitenote_category":0,"footnotes":""},"categories":[19],"tags":[],"class_list":["post-8972","post","type-post","status-publish","format-standard","hentry","category-lettre-l"],"acf":[],"_links":{"self":[{"href":"https:\/\/www.lesmaconsdelacreuse.fr\/annuaires\/wp-json\/wp\/v2\/posts\/8972","targetHints":{"allow":["GET"]}}],"collection":[{"href":"https:\/\/www.lesmaconsdelacreuse.fr\/annuaires\/wp-json\/wp\/v2\/posts"}],"about":[{"href":"https:\/\/www.lesmaconsdelacreuse.fr\/annuaires\/wp-json\/wp\/v2\/types\/post"}],"author":[{"embeddable":true,"href":"https:\/\/www.lesmaconsdelacreuse.fr\/annuaires\/wp-json\/wp\/v2\/users\/6"}],"replies":[{"embeddable":true,"href":"https:\/\/www.lesmaconsdelacreuse.fr\/annuaires\/wp-json\/wp\/v2\/comments?post=8972"}],"version-history":[{"count":3,"href":"https:\/\/www.lesmaconsdelacreuse.fr\/annuaires\/wp-json\/wp\/v2\/posts\/8972\/revisions"}],"predecessor-version":[{"id":197637,"href":"https:\/\/www.lesmaconsdelacreuse.fr\/annuaires\/wp-json\/wp\/v2\/posts\/8972\/revisions\/197637"}],"wp:attachment":[{"href":"https:\/\/www.lesmaconsdelacreuse.fr\/annuaires\/wp-json\/wp\/v2\/media?parent=8972"}],"wp:term":[{"taxonomy":"category","embeddable":true,"href":"https:\/\/www.lesmaconsdelacreuse.fr\/annuaires\/wp-json\/wp\/v2\/categories?post=8972"},{"taxonomy":"post_tag","embeddable":true,"href":"https:\/\/www.lesmaconsdelacreuse.fr\/annuaires\/wp-json\/wp\/v2\/tags?post=8972"}],"curies":[{"name":"wp","href":"https:\/\/api.w.org\/{rel}","templated":true}]}}