{"id":8974,"date":"2019-07-28T13:37:53","date_gmt":"2019-07-28T11:37:53","guid":{"rendered":"http:\/\/lesmaconsdelacreuse.fr\/annuaire\/?p=8974"},"modified":"2020-10-03T13:49:17","modified_gmt":"2020-10-03T11:49:17","slug":"l_1682","status":"publish","type":"post","link":"https:\/\/www.lesmaconsdelacreuse.fr\/annuaires\/lettre-l\/l_1682\/","title":{"rendered":"LIARD Arnaud (1823-apr\u00e8s 1860)"},"content":{"rendered":"<p class=\"last-updated\"><strong>Mis \u00e0 jour le :<\/strong> 29\/04\/2026<\/p><h2 style=\"text-align: center;\"><strong>Arnaud LIARD<\/strong><\/h2>\n<p style=\"text-align: center;\"><strong>1823 \u2013 apr\u00e8s 1860<\/strong><\/p>\n<p style=\"text-align: center;\"><img decoding=\"async\" title=\"\" src=\"https:\/\/lesmaconsdelacreuse.fr\/annuaire\/wp-content\/uploads\/2019\/07\/image1-2313.jpg\" alt=\"\" data-source-id=\"i.0\" data-asset-id=\"8973\" \/><\/p>\n<h4 style=\"text-align: center;\"><span style=\"color: #008000;\"><strong>ma\u00e7on<\/strong> et\u00a0\u25ba<a href=\"https:\/\/www.lesmaconsdelacreuse.fr\/annuaires\/wp-content\/uploads\/2020\/08\/SCIEUR-DE-LONG.png\" target=\"_blank\" rel=\"noopener noreferrer\"><span style=\"color: #008000;\">scieur de long<\/span><\/a><\/span><\/h4>\n<p>&nbsp;<\/p>\n<p style=\"text-align: center;\">n\u00e9 \u00e0 Vauveix (Roy\u00e8re)<\/p>\n<p style=\"text-align: center;\">le 1er septembre 1823, <em>selon \u25ba<a href=\"https:\/\/www.lesmaconsdelacreuse.fr\/annuaires\/wp-content\/uploads\/2019\/08\/ACTE-DE-NOTORI\u00c9T\u00c9.png\" target=\"_blank\" rel=\"noopener noreferrer\">acte de notori\u00e9t\u00e9<\/a><br \/>\n<\/em><\/p>\n<p style=\"text-align: center;\">fils de<\/p>\n<p style=\"text-align: center;\">Michel LIARD, <span style=\"color: #008000;\"><strong>ma\u00e7on <\/strong><\/span><strong>\/ <\/strong>Anne LEPROUX<\/p>\n<p style=\"text-align: center;\">propri\u00e9taires cultivateurs<\/p>\n<p style=\"text-align: center;\"><span style=\"color: #ffffff;\">\u25d9<\/span><\/p>\n<p><strong>En 1844<\/strong><em>, Arnaud est dispens\u00e9 de service militaire pour faiblesse de complexion.<\/em><\/p>\n<p><em>Il \u00e9pouse Th\u00e9r\u00e8se <\/em><strong>PIJOURLET<\/strong><em> le 3 f\u00e9vrier <\/em><strong>1850<\/strong><em> \u00e0 Faux-la-Montagne. Ils habitent Laleuf, m\u00eame commune.<\/em><\/p>\n<p><em>Th\u00e9r\u00e8se y d\u00e9c\u00e8de le 25 mars <\/em><strong>1858<\/strong><em>, \u00e2g\u00e9e de 36 ans.<\/em><\/p>\n<p><strong>En 1860<\/strong><em>, Arnaud travaille \u00e0 <\/em><span style=\"color: #0000ff;\"><strong>Paris (75)<\/strong><\/span><em> et loge 9, rue du Puits-Saint-Victor.<\/em><\/p>\n<p><em>Il se remarie avec Th\u00e9r\u00e8se <\/em><strong>LEPETIT<\/strong><em>, corseti\u00e8re,<\/em> <em>le 22 septembre de la m\u00eame ann\u00e9e \u00e0 Paris 5e\u00a0. <\/em><\/p>\n<p>&nbsp;<\/p>\n","protected":false},"excerpt":{"rendered":"<p>Mis \u00e0 jour le : 29\/04\/2026Arnaud LIARD 1823 \u2013 apr\u00e8s 1860 ma\u00e7on et\u00a0\u25bascieur de long &nbsp; n\u00e9 \u00e0 Vauveix (Roy\u00e8re) le 1er septembre 1823, selon \u25baacte de notori\u00e9t\u00e9 fils de Michel LIARD, ma\u00e7on \/ Anne LEPROUX propri\u00e9taires cultivateurs \u25d9 En 1844, Arnaud est dispens\u00e9 de service militaire pour faiblesse de complexion. Il \u00e9pouse Th\u00e9r\u00e8se PIJOURLET ..<\/p>\n<div class=\"clear-fix\"><\/div>\n<p><a href=\"https:\/\/www.lesmaconsdelacreuse.fr\/annuaires\/lettre-l\/l_1682\/\" title=\"Lire la suite...\">Lire la suite<\/a><\/p>\n","protected":false},"author":6,"featured_media":0,"comment_status":"closed","ping_status":"closed","sticky":false,"template":"","format":"standard","meta":{"_acf_changed":false,"_exactmetrics_skip_tracking":false,"_exactmetrics_sitenote_active":false,"_exactmetrics_sitenote_note":"","_exactmetrics_sitenote_category":0,"footnotes":""},"categories":[19],"tags":[],"class_list":["post-8974","post","type-post","status-publish","format-standard","hentry","category-lettre-l"],"acf":[],"_links":{"self":[{"href":"https:\/\/www.lesmaconsdelacreuse.fr\/annuaires\/wp-json\/wp\/v2\/posts\/8974","targetHints":{"allow":["GET"]}}],"collection":[{"href":"https:\/\/www.lesmaconsdelacreuse.fr\/annuaires\/wp-json\/wp\/v2\/posts"}],"about":[{"href":"https:\/\/www.lesmaconsdelacreuse.fr\/annuaires\/wp-json\/wp\/v2\/types\/post"}],"author":[{"embeddable":true,"href":"https:\/\/www.lesmaconsdelacreuse.fr\/annuaires\/wp-json\/wp\/v2\/users\/6"}],"replies":[{"embeddable":true,"href":"https:\/\/www.lesmaconsdelacreuse.fr\/annuaires\/wp-json\/wp\/v2\/comments?post=8974"}],"version-history":[{"count":0,"href":"https:\/\/www.lesmaconsdelacreuse.fr\/annuaires\/wp-json\/wp\/v2\/posts\/8974\/revisions"}],"wp:attachment":[{"href":"https:\/\/www.lesmaconsdelacreuse.fr\/annuaires\/wp-json\/wp\/v2\/media?parent=8974"}],"wp:term":[{"taxonomy":"category","embeddable":true,"href":"https:\/\/www.lesmaconsdelacreuse.fr\/annuaires\/wp-json\/wp\/v2\/categories?post=8974"},{"taxonomy":"post_tag","embeddable":true,"href":"https:\/\/www.lesmaconsdelacreuse.fr\/annuaires\/wp-json\/wp\/v2\/tags?post=8974"}],"curies":[{"name":"wp","href":"https:\/\/api.w.org\/{rel}","templated":true}]}}