{"id":8981,"date":"2019-07-28T13:37:51","date_gmt":"2019-07-28T11:37:51","guid":{"rendered":"http:\/\/lesmaconsdelacreuse.fr\/annuaire\/?p=8981"},"modified":"2020-10-19T08:13:11","modified_gmt":"2020-10-19T06:13:11","slug":"l_1624","status":"publish","type":"post","link":"https:\/\/www.lesmaconsdelacreuse.fr\/annuaires\/lettre-l\/l_1624\/","title":{"rendered":"LESTRADE L\u00e9onard (1855-apr\u00e8s 1920)"},"content":{"rendered":"<p class=\"last-updated\"><strong>Mis \u00e0 jour le :<\/strong> 29\/04\/2026<\/p><h2 style=\"text-align: center;\"><strong>L\u00e9onard LESTRADE<\/strong><\/h2>\n<p style=\"text-align: center;\"><strong>L\u00e9onard LESTRADE l&rsquo;a\u00een\u00e9<\/strong><\/p>\n<p style=\"text-align: center;\"><strong>1855 \u2013 apr\u00e8s 1920<\/strong><\/p>\n<p style=\"text-align: center;\"><img decoding=\"async\" title=\"\" src=\"https:\/\/lesmaconsdelacreuse.fr\/annuaire\/wp-content\/uploads\/2019\/07\/image1-145.png\" alt=\"\" data-source-id=\"i.0\" data-asset-id=\"8978\" \/><\/p>\n<h4 style=\"text-align: center;\"><span style=\"color: #008000;\"><strong>entrepreneur<\/strong> <strong>de ma\u00e7onnerie<\/strong><\/span><\/h4>\n<p>&nbsp;<\/p>\n<p style=\"text-align: center;\">n\u00e9 \u00e0 Orladeix (Roy\u00e8re)<\/p>\n<p style=\"text-align: center;\">le 14 novembre 1855<\/p>\n<p style=\"text-align: center;\">fils de<\/p>\n<p style=\"text-align: center;\">Jean LESTRADE, <span style=\"color: #008000;\"><strong>ma\u00e7on <\/strong><\/span><strong>\/ <\/strong>Anne GARAUDE<\/p>\n<p style=\"text-align: center;\">propri\u00e9taires cultivateurs<\/p>\n<p style=\"text-align: center;\"><span style=\"color: #ffffff;\">\u25d9<\/span><\/p>\n<p><strong>En 1876<\/strong><em>, L\u00e9onard, <\/em><span style=\"color: #008000;\"><strong>ma\u00e7on<\/strong><\/span><em>, travaille en <\/em><span style=\"color: #0000ff;\"><strong>Charente<\/strong><\/span><em> et y passe le conseil de r\u00e9vision.<\/em><\/p>\n<p><em> Il \u00e9pouse Am\u00e9lie <\/em><strong>GERMOUTY<\/strong><em> le 21 janvier <\/em><strong>1881<\/strong><em> \u00e0 Saint-Pierre-le-Bost (contrat Toumieux). Ils habitent d\u2019abord Auzoux. <\/em><\/p>\n<p><strong>En 1890<\/strong>,<em> ils sont ensemble aux Tuileries, commune de <\/em><strong><span style=\"color: #0000ff;\">Boutiers-Saint-Trojan (16)<\/span><\/strong><em>, et L\u00e9onard est <\/em><span style=\"color: #008000;\"><strong>entrepreneur<\/strong><\/span><em>.<\/em><\/p>\n<p>Am\u00e9lie d\u00e9c\u00e8de le 15\/01\/1915 \u00e0 Boutiers<\/p>\n<p><em>Veuf, il se remarie \u00e0 <span style=\"color: #0000ff;\"><strong>Boutiers-Saint-Trojan (16)<\/strong><\/span>, avec Eug\u00e9nie <\/em><strong>DUMAIN, <\/strong>originaire de la Corr\u00e8ze<strong>,<\/strong><em> le 23 f\u00e9vrier <\/em><strong>1920<\/strong><em>. <\/em><\/p>\n<p>&nbsp;<\/p>\n","protected":false},"excerpt":{"rendered":"<p>Mis \u00e0 jour le : 29\/04\/2026L\u00e9onard LESTRADE L\u00e9onard LESTRADE l&rsquo;a\u00een\u00e9 1855 \u2013 apr\u00e8s 1920 entrepreneur de ma\u00e7onnerie &nbsp; n\u00e9 \u00e0 Orladeix (Roy\u00e8re) le 14 novembre 1855 fils de Jean LESTRADE, ma\u00e7on \/ Anne GARAUDE propri\u00e9taires cultivateurs \u25d9 En 1876, L\u00e9onard, ma\u00e7on, travaille en Charente et y passe le conseil de r\u00e9vision. Il \u00e9pouse Am\u00e9lie GERMOUTY ..<\/p>\n<div class=\"clear-fix\"><\/div>\n<p><a href=\"https:\/\/www.lesmaconsdelacreuse.fr\/annuaires\/lettre-l\/l_1624\/\" title=\"Lire la suite...\">Lire la suite<\/a><\/p>\n","protected":false},"author":6,"featured_media":0,"comment_status":"closed","ping_status":"closed","sticky":false,"template":"","format":"standard","meta":{"_acf_changed":false,"_exactmetrics_skip_tracking":false,"_exactmetrics_sitenote_active":false,"_exactmetrics_sitenote_note":"","_exactmetrics_sitenote_category":0,"footnotes":""},"categories":[19],"tags":[],"class_list":["post-8981","post","type-post","status-publish","format-standard","hentry","category-lettre-l"],"acf":[],"_links":{"self":[{"href":"https:\/\/www.lesmaconsdelacreuse.fr\/annuaires\/wp-json\/wp\/v2\/posts\/8981","targetHints":{"allow":["GET"]}}],"collection":[{"href":"https:\/\/www.lesmaconsdelacreuse.fr\/annuaires\/wp-json\/wp\/v2\/posts"}],"about":[{"href":"https:\/\/www.lesmaconsdelacreuse.fr\/annuaires\/wp-json\/wp\/v2\/types\/post"}],"author":[{"embeddable":true,"href":"https:\/\/www.lesmaconsdelacreuse.fr\/annuaires\/wp-json\/wp\/v2\/users\/6"}],"replies":[{"embeddable":true,"href":"https:\/\/www.lesmaconsdelacreuse.fr\/annuaires\/wp-json\/wp\/v2\/comments?post=8981"}],"version-history":[{"count":0,"href":"https:\/\/www.lesmaconsdelacreuse.fr\/annuaires\/wp-json\/wp\/v2\/posts\/8981\/revisions"}],"wp:attachment":[{"href":"https:\/\/www.lesmaconsdelacreuse.fr\/annuaires\/wp-json\/wp\/v2\/media?parent=8981"}],"wp:term":[{"taxonomy":"category","embeddable":true,"href":"https:\/\/www.lesmaconsdelacreuse.fr\/annuaires\/wp-json\/wp\/v2\/categories?post=8981"},{"taxonomy":"post_tag","embeddable":true,"href":"https:\/\/www.lesmaconsdelacreuse.fr\/annuaires\/wp-json\/wp\/v2\/tags?post=8981"}],"curies":[{"name":"wp","href":"https:\/\/api.w.org\/{rel}","templated":true}]}}