{"id":8985,"date":"2019-07-28T13:37:50","date_gmt":"2019-07-28T11:37:50","guid":{"rendered":"http:\/\/lesmaconsdelacreuse.fr\/annuaire\/?p=8985"},"modified":"2020-10-05T14:57:20","modified_gmt":"2020-10-05T12:57:20","slug":"l_1673","status":"publish","type":"post","link":"https:\/\/www.lesmaconsdelacreuse.fr\/annuaires\/lettre-l\/l_1673\/","title":{"rendered":"LHOMET Marcel Victor (1909-1968)"},"content":{"rendered":"<p class=\"last-updated\"><strong>Mis \u00e0 jour le :<\/strong> 29\/04\/2026<\/p><h2 style=\"text-align: center;\"><strong>Marcel Victor LHOMET<\/strong><\/h2>\n<p style=\"text-align: center;\"><strong>1909 \u2013 1968<\/strong><\/p>\n<p style=\"text-align: center;\"><img loading=\"lazy\" decoding=\"async\" class=\"\" title=\"\" src=\"https:\/\/lesmaconsdelacreuse.fr\/annuaire\/wp-content\/uploads\/2019\/07\/image1-2316.jpg\" alt=\"\" width=\"207\" height=\"90\" data-source-id=\"i.0\" data-asset-id=\"8982\" \/><\/p>\n<h4 style=\"text-align: center;\"><span style=\"color: #008000;\"><strong><a href=\"https:\/\/www.lesmaconsdelacreuse.fr\/annuaires\/wp-content\/uploads\/2020\/07\/TAILLEUR-DE-PIERRE.png\">\u25ba <span style=\"color: #008000;\">tailleur de pierre<\/span><\/a> <\/strong>et<strong> cultivateur<\/strong><\/span><\/h4>\n<p>&nbsp;<\/p>\n<p style=\"text-align: center;\">n\u00e9 au Compeix (Saint-Pierre-Bellevue)<\/p>\n<p style=\"text-align: center;\">le 2 juillet 1909<\/p>\n<p style=\"text-align: center;\">fils de<\/p>\n<p style=\"text-align: center;\">Th\u00e9odore Victor LHOMET, mar\u00e9chal-ferrant et charron forgeron<\/p>\n<p style=\"text-align: center;\">Marie Victoria LECLAIR, ling\u00e8re<\/p>\n<p style=\"text-align: center;\"><span style=\"color: #ffffff;\">\u25d9<\/span><\/p>\n<p><strong>En 1930<\/strong><em>, Marcel travaille dans la <\/em><span style=\"color: #0000ff;\"><strong>Seine (75)<\/strong><\/span><em> et y passe le conseil de r\u00e9vision.<\/em><\/p>\n<p><em> Il \u00e9pouse Marie <\/em><strong>CAFFY <\/strong><em>le 2 mars <\/em><strong>1933<\/strong><em> \u00e0 Morterolles (mari\u00e9s sans contrat).<\/em><\/p>\n<p><em>Il d\u00e9c\u00e8de au Compeix le 11 ao\u00fbt <\/em><strong>1968<\/strong><em>, \u00e2g\u00e9 de 59 ans. <\/em><\/p>\n<p>&nbsp;<\/p>\n","protected":false},"excerpt":{"rendered":"<p>Mis \u00e0 jour le : 29\/04\/2026Marcel Victor LHOMET 1909 \u2013 1968 \u25ba tailleur de pierre et cultivateur &nbsp; n\u00e9 au Compeix (Saint-Pierre-Bellevue) le 2 juillet 1909 fils de Th\u00e9odore Victor LHOMET, mar\u00e9chal-ferrant et charron forgeron Marie Victoria LECLAIR, ling\u00e8re \u25d9 En 1930, Marcel travaille dans la Seine (75) et y passe le conseil de r\u00e9vision. ..<\/p>\n<div class=\"clear-fix\"><\/div>\n<p><a href=\"https:\/\/www.lesmaconsdelacreuse.fr\/annuaires\/lettre-l\/l_1673\/\" title=\"Lire la suite...\">Lire la suite<\/a><\/p>\n","protected":false},"author":6,"featured_media":0,"comment_status":"closed","ping_status":"closed","sticky":false,"template":"","format":"standard","meta":{"_acf_changed":false,"_exactmetrics_skip_tracking":false,"_exactmetrics_sitenote_active":false,"_exactmetrics_sitenote_note":"","_exactmetrics_sitenote_category":0,"footnotes":""},"categories":[19],"tags":[],"class_list":["post-8985","post","type-post","status-publish","format-standard","hentry","category-lettre-l"],"acf":[],"_links":{"self":[{"href":"https:\/\/www.lesmaconsdelacreuse.fr\/annuaires\/wp-json\/wp\/v2\/posts\/8985","targetHints":{"allow":["GET"]}}],"collection":[{"href":"https:\/\/www.lesmaconsdelacreuse.fr\/annuaires\/wp-json\/wp\/v2\/posts"}],"about":[{"href":"https:\/\/www.lesmaconsdelacreuse.fr\/annuaires\/wp-json\/wp\/v2\/types\/post"}],"author":[{"embeddable":true,"href":"https:\/\/www.lesmaconsdelacreuse.fr\/annuaires\/wp-json\/wp\/v2\/users\/6"}],"replies":[{"embeddable":true,"href":"https:\/\/www.lesmaconsdelacreuse.fr\/annuaires\/wp-json\/wp\/v2\/comments?post=8985"}],"version-history":[{"count":0,"href":"https:\/\/www.lesmaconsdelacreuse.fr\/annuaires\/wp-json\/wp\/v2\/posts\/8985\/revisions"}],"wp:attachment":[{"href":"https:\/\/www.lesmaconsdelacreuse.fr\/annuaires\/wp-json\/wp\/v2\/media?parent=8985"}],"wp:term":[{"taxonomy":"category","embeddable":true,"href":"https:\/\/www.lesmaconsdelacreuse.fr\/annuaires\/wp-json\/wp\/v2\/categories?post=8985"},{"taxonomy":"post_tag","embeddable":true,"href":"https:\/\/www.lesmaconsdelacreuse.fr\/annuaires\/wp-json\/wp\/v2\/tags?post=8985"}],"curies":[{"name":"wp","href":"https:\/\/api.w.org\/{rel}","templated":true}]}}