{"id":8989,"date":"2019-07-28T13:37:49","date_gmt":"2019-07-28T11:37:49","guid":{"rendered":"http:\/\/lesmaconsdelacreuse.fr\/annuaire\/?p=8989"},"modified":"2020-08-23T15:34:54","modified_gmt":"2020-08-23T13:34:54","slug":"l_1659","status":"publish","type":"post","link":"https:\/\/www.lesmaconsdelacreuse.fr\/annuaires\/lettre-l\/l_1659\/","title":{"rendered":"LHERITIER Charles Jean (1875-1953)"},"content":{"rendered":"<p class=\"last-updated\"><strong>Mis \u00e0 jour le :<\/strong> 30\/04\/2026<\/p><h2 style=\"text-align: center;\"><strong>Charles Jean LH\u00c9RITIER<\/strong><\/h2>\n<p style=\"text-align: center;\"><strong>Charles LH\u00c9RITIER<\/strong><\/p>\n<p style=\"text-align: center;\"><strong>1875 \u2013 1953<\/strong><\/p>\n<p style=\"text-align: center;\"><img decoding=\"async\" title=\"\" src=\"https:\/\/lesmaconsdelacreuse.fr\/annuaire\/wp-content\/uploads\/2019\/07\/image1-2319.jpg\" alt=\"\" data-source-id=\"i.0\" data-asset-id=\"8987\" \/><\/p>\n<h4 style=\"text-align: center;\"><span style=\"color: #008000;\"><strong>ma\u00e7on<\/strong><\/span><\/h4>\n<p style=\"text-align: center;\">n\u00e9 \u00e0 Vergnolas (Roy\u00e8re)<\/p>\n<p style=\"text-align: center;\">le 2 ao\u00fbt 1875<\/p>\n<p style=\"text-align: center;\">fils de<\/p>\n<p style=\"text-align: center;\">Fran\u00e7ois LH\u00c9RITIER, <span style=\"color: #008000;\"><strong>entrepreneur en b\u00e2timents<\/strong><\/span><\/p>\n<p style=\"text-align: center;\">Marie LECLERC<\/p>\n<p style=\"text-align: center;\"><span style=\"color: #ffffff;\">\u25d9<\/span><\/p>\n<p><strong>En 1896<\/strong><em>, Charles travaille dans le <\/em><span style=\"color: #0000ff;\"><strong>Rh\u00f4ne (69)<\/strong><\/span><em> et y passe le conseil de r\u00e9vision. Il est dispens\u00e9 de service militaire comme a\u00een\u00e9 d\u2019orphelins.<\/em><\/p>\n<p><strong>En 1903<\/strong><em>, il travaille \u00e0 <\/em><span style=\"color: #0000ff;\"><strong>Bettant (01)<\/strong><\/span><em>.<\/em><\/p>\n<p><em>Il y \u00e9pouse Am\u00e9lie Louise <\/em><strong>LACHAUD<\/strong><em> le 29 avril <\/em><strong>1904<\/strong><em>.<\/em><\/p>\n<p><strong>En 1919<\/strong><em>, ils sont toujours \u00e0 Bettant\u00a0;<\/em><\/p>\n<p><strong>en 1920<\/strong><em>, \u00e0 <\/em><span style=\"color: #0000ff;\"><strong>Barberier (03)<\/strong><\/span><em>.<\/em><\/p>\n<p><em>Charles d\u00e9c\u00e8de \u00e0 <\/em><span style=\"color: #0000ff;\"><strong>Clermont-Ferrand (63)<\/strong><\/span><em> le 6 ao\u00fbt <\/em><strong>1953<\/strong><em>, \u00e2g\u00e9 de 78 ans.<\/em><\/p>\n","protected":false},"excerpt":{"rendered":"<p>Mis \u00e0 jour le : 30\/04\/2026Charles Jean LH\u00c9RITIER Charles LH\u00c9RITIER 1875 \u2013 1953 ma\u00e7on n\u00e9 \u00e0 Vergnolas (Roy\u00e8re) le 2 ao\u00fbt 1875 fils de Fran\u00e7ois LH\u00c9RITIER, entrepreneur en b\u00e2timents Marie LECLERC \u25d9 En 1896, Charles travaille dans le Rh\u00f4ne (69) et y passe le conseil de r\u00e9vision. Il est dispens\u00e9 de service militaire comme a\u00een\u00e9 ..<\/p>\n<div class=\"clear-fix\"><\/div>\n<p><a href=\"https:\/\/www.lesmaconsdelacreuse.fr\/annuaires\/lettre-l\/l_1659\/\" title=\"Lire la suite...\">Lire la suite<\/a><\/p>\n","protected":false},"author":6,"featured_media":0,"comment_status":"closed","ping_status":"closed","sticky":false,"template":"","format":"standard","meta":{"_acf_changed":false,"_exactmetrics_skip_tracking":false,"_exactmetrics_sitenote_active":false,"_exactmetrics_sitenote_note":"","_exactmetrics_sitenote_category":0,"footnotes":""},"categories":[19],"tags":[],"class_list":["post-8989","post","type-post","status-publish","format-standard","hentry","category-lettre-l"],"acf":[],"_links":{"self":[{"href":"https:\/\/www.lesmaconsdelacreuse.fr\/annuaires\/wp-json\/wp\/v2\/posts\/8989","targetHints":{"allow":["GET"]}}],"collection":[{"href":"https:\/\/www.lesmaconsdelacreuse.fr\/annuaires\/wp-json\/wp\/v2\/posts"}],"about":[{"href":"https:\/\/www.lesmaconsdelacreuse.fr\/annuaires\/wp-json\/wp\/v2\/types\/post"}],"author":[{"embeddable":true,"href":"https:\/\/www.lesmaconsdelacreuse.fr\/annuaires\/wp-json\/wp\/v2\/users\/6"}],"replies":[{"embeddable":true,"href":"https:\/\/www.lesmaconsdelacreuse.fr\/annuaires\/wp-json\/wp\/v2\/comments?post=8989"}],"version-history":[{"count":0,"href":"https:\/\/www.lesmaconsdelacreuse.fr\/annuaires\/wp-json\/wp\/v2\/posts\/8989\/revisions"}],"wp:attachment":[{"href":"https:\/\/www.lesmaconsdelacreuse.fr\/annuaires\/wp-json\/wp\/v2\/media?parent=8989"}],"wp:term":[{"taxonomy":"category","embeddable":true,"href":"https:\/\/www.lesmaconsdelacreuse.fr\/annuaires\/wp-json\/wp\/v2\/categories?post=8989"},{"taxonomy":"post_tag","embeddable":true,"href":"https:\/\/www.lesmaconsdelacreuse.fr\/annuaires\/wp-json\/wp\/v2\/tags?post=8989"}],"curies":[{"name":"wp","href":"https:\/\/api.w.org\/{rel}","templated":true}]}}