{"id":8990,"date":"2019-07-28T13:37:49","date_gmt":"2019-07-28T11:37:49","guid":{"rendered":"http:\/\/lesmaconsdelacreuse.fr\/annuaire\/?p=8990"},"modified":"2020-01-20T11:28:26","modified_gmt":"2020-01-20T10:28:26","slug":"l_1689","status":"publish","type":"post","link":"https:\/\/www.lesmaconsdelacreuse.fr\/annuaires\/lettre-l\/l_1689\/","title":{"rendered":"LIARD Jean (1885-1946)"},"content":{"rendered":"<p class=\"last-updated\"><strong>Mis \u00e0 jour le :<\/strong> 30\/04\/2026<\/p><h2 style=\"text-align: center;\"><strong>Jean LIARD<\/strong><\/h2>\n<p style=\"text-align: center;\"><strong>1885 \u2013 1946<\/strong><\/p>\n<h4 style=\"text-align: center;\"><span style=\"color: #008000;\"><strong>ma\u00e7on<\/strong><\/span><\/h4>\n<p style=\"text-align: center;\">n\u00e9 \u00e0 Lyon 3e<\/p>\n<p style=\"text-align: center;\">le 9 ao\u00fbt 1885<\/p>\n<p style=\"text-align: center;\">fils de<\/p>\n<p style=\"text-align: center;\">Michel LIARD, <span style=\"color: #008000;\"><strong>ma\u00e7on<\/strong><\/span><\/p>\n<p style=\"text-align: center;\">Jeanne FESSETAUD, cultivatrice<\/p>\n<p style=\"text-align: center;\"><span style=\"color: #ffffff;\">\u25d9<\/span><\/p>\n<p><strong>En 1905<\/strong><em>, Jean est domicili\u00e9 \u00e0 Soumeix, commune de Roy\u00e8re, avec ses parents. <\/em><\/p>\n<p><strong>En 1906<\/strong><em>, il habite <\/em><span style=\"color: #0000ff;\"><strong>Lyon (69)<\/strong><\/span><em>, 189, rue Cr\u00e9qui\u00a0;<\/em><\/p>\n<p><strong>en 1913<\/strong><em>, au 117 de la m\u00eame rue, puis 94, rue Mass\u00e9na.<\/em><\/p>\n<p><em>Il \u00e9pouse Marguerite Alice Am\u00e9d\u00e9e <\/em><strong>DELLA-TORRE<\/strong><em> le 4 octobre <\/em><strong>1915<\/strong><em> \u00e0 Voiron (38). <\/em><\/p>\n<p><strong>De 1935<\/strong> <em>au moins<\/em><strong> <em>\u00e0<\/em> 1946<\/strong><em>, ils habitent Lyon, 70, cours de la libert\u00e9.<\/em><\/p>\n<p><em>Jean d\u00e9c\u00e8de \u00e0 cette adresse le 24 d\u00e9cembre <\/em><strong>1946<\/strong><em>, \u00e2g\u00e9 de 61 ans.<\/em><\/p>\n","protected":false},"excerpt":{"rendered":"<p>Mis \u00e0 jour le : 30\/04\/2026Jean LIARD 1885 \u2013 1946 ma\u00e7on n\u00e9 \u00e0 Lyon 3e le 9 ao\u00fbt 1885 fils de Michel LIARD, ma\u00e7on Jeanne FESSETAUD, cultivatrice \u25d9 En 1905, Jean est domicili\u00e9 \u00e0 Soumeix, commune de Roy\u00e8re, avec ses parents. En 1906, il habite Lyon (69), 189, rue Cr\u00e9qui\u00a0; en 1913, au 117 de ..<\/p>\n<div class=\"clear-fix\"><\/div>\n<p><a href=\"https:\/\/www.lesmaconsdelacreuse.fr\/annuaires\/lettre-l\/l_1689\/\" title=\"Lire la suite...\">Lire la suite<\/a><\/p>\n","protected":false},"author":6,"featured_media":0,"comment_status":"closed","ping_status":"closed","sticky":false,"template":"","format":"standard","meta":{"_acf_changed":false,"_exactmetrics_skip_tracking":false,"_exactmetrics_sitenote_active":false,"_exactmetrics_sitenote_note":"","_exactmetrics_sitenote_category":0,"footnotes":""},"categories":[19],"tags":[],"class_list":["post-8990","post","type-post","status-publish","format-standard","hentry","category-lettre-l"],"acf":[],"_links":{"self":[{"href":"https:\/\/www.lesmaconsdelacreuse.fr\/annuaires\/wp-json\/wp\/v2\/posts\/8990","targetHints":{"allow":["GET"]}}],"collection":[{"href":"https:\/\/www.lesmaconsdelacreuse.fr\/annuaires\/wp-json\/wp\/v2\/posts"}],"about":[{"href":"https:\/\/www.lesmaconsdelacreuse.fr\/annuaires\/wp-json\/wp\/v2\/types\/post"}],"author":[{"embeddable":true,"href":"https:\/\/www.lesmaconsdelacreuse.fr\/annuaires\/wp-json\/wp\/v2\/users\/6"}],"replies":[{"embeddable":true,"href":"https:\/\/www.lesmaconsdelacreuse.fr\/annuaires\/wp-json\/wp\/v2\/comments?post=8990"}],"version-history":[{"count":0,"href":"https:\/\/www.lesmaconsdelacreuse.fr\/annuaires\/wp-json\/wp\/v2\/posts\/8990\/revisions"}],"wp:attachment":[{"href":"https:\/\/www.lesmaconsdelacreuse.fr\/annuaires\/wp-json\/wp\/v2\/media?parent=8990"}],"wp:term":[{"taxonomy":"category","embeddable":true,"href":"https:\/\/www.lesmaconsdelacreuse.fr\/annuaires\/wp-json\/wp\/v2\/categories?post=8990"},{"taxonomy":"post_tag","embeddable":true,"href":"https:\/\/www.lesmaconsdelacreuse.fr\/annuaires\/wp-json\/wp\/v2\/tags?post=8990"}],"curies":[{"name":"wp","href":"https:\/\/api.w.org\/{rel}","templated":true}]}}