{"id":8994,"date":"2019-07-28T13:37:48","date_gmt":"2019-07-28T11:37:48","guid":{"rendered":"http:\/\/lesmaconsdelacreuse.fr\/annuaire\/?p=8994"},"modified":"2020-01-20T11:28:27","modified_gmt":"2020-01-20T10:28:27","slug":"l_1676","status":"publish","type":"post","link":"https:\/\/www.lesmaconsdelacreuse.fr\/annuaires\/lettre-l\/l_1676\/","title":{"rendered":"LIARD Andr\u00e9 (1808-1889)"},"content":{"rendered":"<p class=\"last-updated\"><strong>Mis \u00e0 jour le :<\/strong> 30\/04\/2026<\/p><h2 style=\"text-align: center;\"><strong>Andr\u00e9 LIARD<\/strong><\/h2>\n<p style=\"text-align: center;\"><strong>1808 \u2013 1889<\/strong><\/p>\n<p style=\"text-align: center;\"><img decoding=\"async\" title=\"\" src=\"https:\/\/lesmaconsdelacreuse.fr\/annuaire\/wp-content\/uploads\/2019\/07\/image1-2321.jpg\" alt=\"\" data-source-id=\"i.0\" data-asset-id=\"8992\" \/><\/p>\n<h4 style=\"text-align: center;\"><span style=\"color: #008000;\"><strong>ma\u00e7on<\/strong> et <strong>propri\u00e9taire cultivateur<\/strong><\/span><\/h4>\n<p style=\"text-align: center;\">n\u00e9 au Picq (Morterolles)<\/p>\n<p style=\"text-align: center;\">le 8 septembre 1808<\/p>\n<p style=\"text-align: center;\">fils de<\/p>\n<p style=\"text-align: center;\">L\u00e9onard LIARD \/ Th\u00e9r\u00e8se BARRI\u00c8RE<\/p>\n<p style=\"text-align: center;\">cultivateurs<\/p>\n<p style=\"text-align: center;\"><span style=\"color: #ffffff;\">\u25d9<\/span><\/p>\n<p><em>Andr\u00e9 \u00e9pouse L\u00e9onarde <\/em><strong>MARVIER<\/strong><em> le 16 f\u00e9vrier <\/em><strong>1830<\/strong><em> \u00e0 Roy\u00e8re (contrat Coutisson). Ils habitent Le Picq. <\/em><\/p>\n<p><strong>En 1839<\/strong><em>, Andr\u00e9 est \u00e0 <\/em><span style=\"color: #0000ff;\"><strong>Lyon (69)<\/strong><\/span><em> et loge chez M. D\u00e9tienne, 1, rue du Villard. <\/em><\/p>\n<p><em>L\u00e9onarde d\u00e9c\u00e8de au Picq le 22 septembre <\/em><strong>1850<\/strong><em>, \u00e2g\u00e9e de 42 ans. <\/em><\/p>\n<p><em>Andr\u00e9 se remarie \u00e0 La Nouaille le 3 mars <\/em><strong>1851<\/strong><em> avec L\u00e9onarde <\/em><strong>LECLAIR<\/strong><em> (contrat Barjon \u00e0 La Nouaille). Il habitent Le Picq.<\/em><\/p>\n<p><em>Ils y d\u00e9c\u00e8dent:<\/em><\/p>\n<ul>\n<li><em>L\u00e9onarde, le 8 octobre <\/em><strong>1873<\/strong><em>, \u00e2g\u00e9e de 68 ans<\/em><\/li>\n<li><em>Andr\u00e9, le 5 octobre <\/em><strong>1889<\/strong><em>, \u00e2g\u00e9 de 81 ans<\/em><\/li>\n<\/ul>\n","protected":false},"excerpt":{"rendered":"<p>Mis \u00e0 jour le : 30\/04\/2026Andr\u00e9 LIARD 1808 \u2013 1889 ma\u00e7on et propri\u00e9taire cultivateur n\u00e9 au Picq (Morterolles) le 8 septembre 1808 fils de L\u00e9onard LIARD \/ Th\u00e9r\u00e8se BARRI\u00c8RE cultivateurs \u25d9 Andr\u00e9 \u00e9pouse L\u00e9onarde MARVIER le 16 f\u00e9vrier 1830 \u00e0 Roy\u00e8re (contrat Coutisson). Ils habitent Le Picq. En 1839, Andr\u00e9 est \u00e0 Lyon (69) et ..<\/p>\n<div class=\"clear-fix\"><\/div>\n<p><a href=\"https:\/\/www.lesmaconsdelacreuse.fr\/annuaires\/lettre-l\/l_1676\/\" title=\"Lire la suite...\">Lire la suite<\/a><\/p>\n","protected":false},"author":6,"featured_media":0,"comment_status":"closed","ping_status":"closed","sticky":false,"template":"","format":"standard","meta":{"_acf_changed":false,"_exactmetrics_skip_tracking":false,"_exactmetrics_sitenote_active":false,"_exactmetrics_sitenote_note":"","_exactmetrics_sitenote_category":0,"footnotes":""},"categories":[19],"tags":[],"class_list":["post-8994","post","type-post","status-publish","format-standard","hentry","category-lettre-l"],"acf":[],"_links":{"self":[{"href":"https:\/\/www.lesmaconsdelacreuse.fr\/annuaires\/wp-json\/wp\/v2\/posts\/8994","targetHints":{"allow":["GET"]}}],"collection":[{"href":"https:\/\/www.lesmaconsdelacreuse.fr\/annuaires\/wp-json\/wp\/v2\/posts"}],"about":[{"href":"https:\/\/www.lesmaconsdelacreuse.fr\/annuaires\/wp-json\/wp\/v2\/types\/post"}],"author":[{"embeddable":true,"href":"https:\/\/www.lesmaconsdelacreuse.fr\/annuaires\/wp-json\/wp\/v2\/users\/6"}],"replies":[{"embeddable":true,"href":"https:\/\/www.lesmaconsdelacreuse.fr\/annuaires\/wp-json\/wp\/v2\/comments?post=8994"}],"version-history":[{"count":0,"href":"https:\/\/www.lesmaconsdelacreuse.fr\/annuaires\/wp-json\/wp\/v2\/posts\/8994\/revisions"}],"wp:attachment":[{"href":"https:\/\/www.lesmaconsdelacreuse.fr\/annuaires\/wp-json\/wp\/v2\/media?parent=8994"}],"wp:term":[{"taxonomy":"category","embeddable":true,"href":"https:\/\/www.lesmaconsdelacreuse.fr\/annuaires\/wp-json\/wp\/v2\/categories?post=8994"},{"taxonomy":"post_tag","embeddable":true,"href":"https:\/\/www.lesmaconsdelacreuse.fr\/annuaires\/wp-json\/wp\/v2\/tags?post=8994"}],"curies":[{"name":"wp","href":"https:\/\/api.w.org\/{rel}","templated":true}]}}