{"id":8995,"date":"2019-07-28T13:37:49","date_gmt":"2019-07-28T11:37:49","guid":{"rendered":"http:\/\/lesmaconsdelacreuse.fr\/annuaire\/?p=8995"},"modified":"2021-11-26T13:07:47","modified_gmt":"2021-11-26T12:07:47","slug":"l_1612","status":"publish","type":"post","link":"https:\/\/www.lesmaconsdelacreuse.fr\/annuaires\/lettre-l\/l_1612\/","title":{"rendered":"LESTRADE Jean-Fran\u00e7ois (1853-1931)"},"content":{"rendered":"<p class=\"last-updated\"><strong>Mis \u00e0 jour le :<\/strong> 30\/04\/2026<\/p><h2 style=\"text-align: center;\"><strong>Jean-Fran\u00e7ois LESTRADE<\/strong><\/h2>\n<p style=\"text-align: center;\"><strong>1853 \u2013 1931<\/strong><\/p>\n<p style=\"text-align: center;\"><img decoding=\"async\" title=\"\" src=\"https:\/\/lesmaconsdelacreuse.fr\/annuaire\/wp-content\/uploads\/2019\/07\/image1-146.png\" alt=\"\" data-source-id=\"i.0\" data-asset-id=\"8993\" \/><\/p>\n<h4 style=\"text-align: center;\"><strong><span style=\"color: #008000;\"><a href=\"https:\/\/www.lesmaconsdelacreuse.fr\/annuaires\/wp-content\/uploads\/2020\/07\/TAILLEUR-DE-PIERRE.png\">\u25ba <span style=\"color: #008000;\">tailleur de pierre<\/span><\/a><\/span><\/strong><\/h4>\n<p>&nbsp;<\/p>\n<p style=\"text-align: center;\">n\u00e9 \u00e0 Orladeix (Roy\u00e8re)<\/p>\n<p style=\"text-align: center;\">le 2 d\u00e9cembre 1853<\/p>\n<p style=\"text-align: center;\">fils de<\/p>\n<p style=\"text-align: center;\">Jean LESTRADE,\u00a0<strong>\u25ba\u00a0<\/strong><a href=\"https:\/\/www.lesmaconsdelacreuse.fr\/annuaires\/wp-content\/uploads\/2020\/07\/MA\u00ceTRE-MA\u00c7ON.png\" target=\"_blank\" rel=\"noopener noreferrer\"><strong><span style=\"color: #008000;\">ma\u00eetre ma\u00e7on<\/span><\/strong><\/a><\/p>\n<p style=\"text-align: center;\">Marie-Anne MARTIN, cultivatrice<\/p>\n<p style=\"text-align: center;\"><span style=\"color: #ffffff;\">\u25d9<\/span><\/p>\n<p><strong>En 1880<\/strong><em>, Jean-Fran\u00e7ois travaille \u00e0 <\/em><span style=\"color: #0000ff;\"><strong>Boutiers-Saint-Trojan (16)<\/strong><\/span><em>.<\/em><\/p>\n<p><em>Il \u00e9pouse Marie <\/em><strong>GENDRON<\/strong><em> le 2 octobre de la m\u00eame ann\u00e9e \u00e0 Cognac (16 \u2013 contrat H\u00e9riard).<\/em><\/p>\n<p><strong>En 1884<\/strong><em>, ils habitent le bourg de Boutiers.<\/em><\/p>\n<p><strong>D\u00e8s 1888<\/strong><em>, ils sont \u00e0 <\/em><span style=\"color: #0000ff;\"><strong>Saint-Savinien (17)<\/strong><\/span><em>.<\/em><\/p>\n<p><em>Ils y d\u00e9c\u00e8dent\u00a0:<\/em><\/p>\n<ul>\n<li><em>Jean-Fran\u00e7ois, le 9 juin <\/em><strong>1931<\/strong><em>, \u00e2g\u00e9 de 77 ans<\/em><\/li>\n<li><em>Marie, le 22 novembre <\/em><strong>1943<\/strong><em>, \u00e2g\u00e9e de 83 ans<\/em><\/li>\n<\/ul>\n<p>&nbsp;<\/p>\n","protected":false},"excerpt":{"rendered":"<p>Mis \u00e0 jour le : 30\/04\/2026Jean-Fran\u00e7ois LESTRADE 1853 \u2013 1931 \u25ba tailleur de pierre &nbsp; n\u00e9 \u00e0 Orladeix (Roy\u00e8re) le 2 d\u00e9cembre 1853 fils de Jean LESTRADE,\u00a0\u25ba\u00a0ma\u00eetre ma\u00e7on Marie-Anne MARTIN, cultivatrice \u25d9 En 1880, Jean-Fran\u00e7ois travaille \u00e0 Boutiers-Saint-Trojan (16). Il \u00e9pouse Marie GENDRON le 2 octobre de la m\u00eame ann\u00e9e \u00e0 Cognac (16 \u2013 contrat ..<\/p>\n<div class=\"clear-fix\"><\/div>\n<p><a href=\"https:\/\/www.lesmaconsdelacreuse.fr\/annuaires\/lettre-l\/l_1612\/\" title=\"Lire la suite...\">Lire la suite<\/a><\/p>\n","protected":false},"author":6,"featured_media":0,"comment_status":"closed","ping_status":"closed","sticky":false,"template":"","format":"standard","meta":{"_acf_changed":false,"_exactmetrics_skip_tracking":false,"_exactmetrics_sitenote_active":false,"_exactmetrics_sitenote_note":"","_exactmetrics_sitenote_category":0,"footnotes":""},"categories":[19],"tags":[],"class_list":["post-8995","post","type-post","status-publish","format-standard","hentry","category-lettre-l"],"acf":[],"_links":{"self":[{"href":"https:\/\/www.lesmaconsdelacreuse.fr\/annuaires\/wp-json\/wp\/v2\/posts\/8995","targetHints":{"allow":["GET"]}}],"collection":[{"href":"https:\/\/www.lesmaconsdelacreuse.fr\/annuaires\/wp-json\/wp\/v2\/posts"}],"about":[{"href":"https:\/\/www.lesmaconsdelacreuse.fr\/annuaires\/wp-json\/wp\/v2\/types\/post"}],"author":[{"embeddable":true,"href":"https:\/\/www.lesmaconsdelacreuse.fr\/annuaires\/wp-json\/wp\/v2\/users\/6"}],"replies":[{"embeddable":true,"href":"https:\/\/www.lesmaconsdelacreuse.fr\/annuaires\/wp-json\/wp\/v2\/comments?post=8995"}],"version-history":[{"count":2,"href":"https:\/\/www.lesmaconsdelacreuse.fr\/annuaires\/wp-json\/wp\/v2\/posts\/8995\/revisions"}],"predecessor-version":[{"id":192730,"href":"https:\/\/www.lesmaconsdelacreuse.fr\/annuaires\/wp-json\/wp\/v2\/posts\/8995\/revisions\/192730"}],"wp:attachment":[{"href":"https:\/\/www.lesmaconsdelacreuse.fr\/annuaires\/wp-json\/wp\/v2\/media?parent=8995"}],"wp:term":[{"taxonomy":"category","embeddable":true,"href":"https:\/\/www.lesmaconsdelacreuse.fr\/annuaires\/wp-json\/wp\/v2\/categories?post=8995"},{"taxonomy":"post_tag","embeddable":true,"href":"https:\/\/www.lesmaconsdelacreuse.fr\/annuaires\/wp-json\/wp\/v2\/tags?post=8995"}],"curies":[{"name":"wp","href":"https:\/\/api.w.org\/{rel}","templated":true}]}}