{"id":9007,"date":"2019-07-28T13:37:46","date_gmt":"2019-07-28T11:37:46","guid":{"rendered":"http:\/\/lesmaconsdelacreuse.fr\/annuaire\/?p=9007"},"modified":"2022-05-19T20:51:30","modified_gmt":"2022-05-19T18:51:30","slug":"l_1609","status":"publish","type":"post","link":"https:\/\/www.lesmaconsdelacreuse.fr\/annuaires\/lettre-l\/l_1609\/","title":{"rendered":"LESTRADE Jean (1858-apr\u00e8s 1904)"},"content":{"rendered":"<p class=\"last-updated\"><strong>Mis \u00e0 jour le :<\/strong> 30\/04\/2026<\/p><h2 style=\"text-align: center;\"><strong>Jean LESTRADE<\/strong><\/h2>\n<p style=\"text-align: center;\"><strong>1858 \u2013 apr\u00e8s 1904<\/strong><\/p>\n<p style=\"text-align: center;\"><img decoding=\"async\" title=\"\" src=\"https:\/\/lesmaconsdelacreuse.fr\/annuaire\/wp-content\/uploads\/2019\/07\/image1-147.png\" alt=\"\" data-source-id=\"i.0\" data-asset-id=\"9005\" \/><\/p>\n<h4 style=\"text-align: center;\"><span style=\"color: #008000;\"><strong>ma\u00e7on<\/strong><\/span><\/h4>\n<p style=\"text-align: center;\">n\u00e9 \u00e0 Orladeix (Roy\u00e8re)<\/p>\n<p style=\"text-align: center;\">le 17 juin 1858<\/p>\n<p style=\"text-align: center;\">fils de<\/p>\n<p style=\"text-align: center;\">Jean LESTRADE,<span style=\"color: #008000;\"><strong> ma\u00e7on <\/strong><\/span><strong>\/ <\/strong>Anne GARAUDE<\/p>\n<p style=\"text-align: center;\">propri\u00e9taires cultivateurs<\/p>\n<p style=\"text-align: center;\"><span style=\"color: #ffffff;\">\u25d9<\/span><\/p>\n<p><strong>En 1879<\/strong><em>, Jean travaille en <\/em><span style=\"color: #0000ff;\"><strong>Charente <\/strong><\/span><em>et y passe le conseil de r\u00e9vision. Il est dispens\u00e9 de service militaire, ayant un fr\u00e8re sous les drapeaux.<\/em><\/p>\n<p><span style=\"color: #0000ff;\"><em>.<\/em><\/span><strong>En 1880<\/strong><em>, il habite <\/em><span style=\"color: #0000ff;\"><strong>Boutiers-Saint-Trojan (16) <\/strong><\/span><\/p>\n<p><em>\u00a0Il \u00e9pouse<\/em> <em>H\u00e9lo\u00efse <\/em><strong>LYS<\/strong><em> le 25 janvier de la m\u00eame ann\u00e9e \u00e0 <\/em><span style=\"color: #0000ff;\"><strong>Cherves-de-Cognac (16)<\/strong><em>.<\/em><\/span><\/p>\n<p><strong>\u00a0En 1891<\/strong><em>, ils y sont recens\u00e9s.<\/em><\/p>\n","protected":false},"excerpt":{"rendered":"<p>Mis \u00e0 jour le : 30\/04\/2026Jean LESTRADE 1858 \u2013 apr\u00e8s 1904 ma\u00e7on n\u00e9 \u00e0 Orladeix (Roy\u00e8re) le 17 juin 1858 fils de Jean LESTRADE, ma\u00e7on \/ Anne GARAUDE propri\u00e9taires cultivateurs \u25d9 En 1879, Jean travaille en Charente et y passe le conseil de r\u00e9vision. Il est dispens\u00e9 de service militaire, ayant un fr\u00e8re sous les ..<\/p>\n<div class=\"clear-fix\"><\/div>\n<p><a href=\"https:\/\/www.lesmaconsdelacreuse.fr\/annuaires\/lettre-l\/l_1609\/\" title=\"Lire la suite...\">Lire la suite<\/a><\/p>\n","protected":false},"author":6,"featured_media":0,"comment_status":"closed","ping_status":"closed","sticky":false,"template":"","format":"standard","meta":{"_acf_changed":false,"_exactmetrics_skip_tracking":false,"_exactmetrics_sitenote_active":false,"_exactmetrics_sitenote_note":"","_exactmetrics_sitenote_category":0,"footnotes":""},"categories":[19],"tags":[],"class_list":["post-9007","post","type-post","status-publish","format-standard","hentry","category-lettre-l"],"acf":[],"_links":{"self":[{"href":"https:\/\/www.lesmaconsdelacreuse.fr\/annuaires\/wp-json\/wp\/v2\/posts\/9007","targetHints":{"allow":["GET"]}}],"collection":[{"href":"https:\/\/www.lesmaconsdelacreuse.fr\/annuaires\/wp-json\/wp\/v2\/posts"}],"about":[{"href":"https:\/\/www.lesmaconsdelacreuse.fr\/annuaires\/wp-json\/wp\/v2\/types\/post"}],"author":[{"embeddable":true,"href":"https:\/\/www.lesmaconsdelacreuse.fr\/annuaires\/wp-json\/wp\/v2\/users\/6"}],"replies":[{"embeddable":true,"href":"https:\/\/www.lesmaconsdelacreuse.fr\/annuaires\/wp-json\/wp\/v2\/comments?post=9007"}],"version-history":[{"count":3,"href":"https:\/\/www.lesmaconsdelacreuse.fr\/annuaires\/wp-json\/wp\/v2\/posts\/9007\/revisions"}],"predecessor-version":[{"id":199307,"href":"https:\/\/www.lesmaconsdelacreuse.fr\/annuaires\/wp-json\/wp\/v2\/posts\/9007\/revisions\/199307"}],"wp:attachment":[{"href":"https:\/\/www.lesmaconsdelacreuse.fr\/annuaires\/wp-json\/wp\/v2\/media?parent=9007"}],"wp:term":[{"taxonomy":"category","embeddable":true,"href":"https:\/\/www.lesmaconsdelacreuse.fr\/annuaires\/wp-json\/wp\/v2\/categories?post=9007"},{"taxonomy":"post_tag","embeddable":true,"href":"https:\/\/www.lesmaconsdelacreuse.fr\/annuaires\/wp-json\/wp\/v2\/tags?post=9007"}],"curies":[{"name":"wp","href":"https:\/\/api.w.org\/{rel}","templated":true}]}}