{"id":9012,"date":"2019-07-28T13:37:46","date_gmt":"2019-07-28T11:37:46","guid":{"rendered":"http:\/\/lesmaconsdelacreuse.fr\/annuaire\/?p=9012"},"modified":"2020-10-21T19:25:28","modified_gmt":"2020-10-21T17:25:28","slug":"l_1607","status":"publish","type":"post","link":"https:\/\/www.lesmaconsdelacreuse.fr\/annuaires\/lettre-l\/l_1607\/","title":{"rendered":"LESTRADE Jean (1825-apr\u00e8s 1890)"},"content":{"rendered":"<p class=\"last-updated\"><strong>Mis \u00e0 jour le :<\/strong> 30\/04\/2026<\/p><h2 style=\"text-align: center;\"><strong>Jean LESTRADE<\/strong><\/h2>\n<p style=\"text-align: center;\"><strong>1825 \u2013 1911<\/strong><\/p>\n<p style=\"text-align: center;\"><img loading=\"lazy\" decoding=\"async\" class=\"\" title=\"\" src=\"https:\/\/lesmaconsdelacreuse.fr\/annuaire\/wp-content\/uploads\/2019\/07\/image1-2327.jpg\" alt=\"\" width=\"256\" height=\"118\" data-source-id=\"i.0\" data-asset-id=\"9011\" \/><\/p>\n<h4 style=\"text-align: center;\"><strong><span style=\"color: #008000;\">ma\u00eetre <\/span><a href=\"https:\/\/www.lesmaconsdelacreuse.fr\/annuaires\/\/wp-content\/uploads\/LEXIQUE\/MAITRE-MACON.pdf\" target=\"_blank\" rel=\"noopener noreferrer\"><span style=\"color: #008000;\">ma\u00e7on<\/span><\/a><\/strong><\/h4>\n<p style=\"text-align: center;\">n\u00e9 \u00e0 Orladeix (Roy\u00e8re)<\/p>\n<p style=\"text-align: center;\">le 3 septembre 1825<\/p>\n<p style=\"text-align: center;\">fils de<\/p>\n<p style=\"text-align: center;\">L\u00e9onard LESTRADE, <span style=\"color: #008000;\"><strong>ma\u00e7on<\/strong><\/span><\/p>\n<p style=\"text-align: center;\">Marie RANDAN, cultivatrice<\/p>\n<p style=\"text-align: center;\"><span style=\"color: #ffffff;\">\u25d9<\/span><\/p>\n<p><em>Jean \u00e9pouse Marie-Anne <\/em><strong>MARTIN<\/strong><em> le 23 f\u00e9vrier <\/em><strong>1851<\/strong><em> \u00e0 Roy\u00e8re (contrat Toumieux). <\/em><\/p>\n<p><em>Ils habitent d\u2019abord Orladeix.<\/em><\/p>\n<p><strong>En 1862<\/strong><em>, Jean travaille \u00e0 <\/em><span style=\"color: #0000ff;\"><strong>Boutiers (16)<\/strong><\/span><em>. <\/em><\/p>\n<p><em>Les \u00e9poux y sont ensemble <\/em><strong>d\u00e8s 1866<\/strong><em>.<\/em><\/p>\n<p><em>Marie-Anne d\u00e9c\u00e8de \u00e0 Orladeix le 13 janvier <\/em><strong>1876<\/strong><em>, \u00e2g\u00e9e de 53 ans. Jean se remarie avec sa belle-s\u0153ur Fran\u00e7oise.<\/em><\/p>\n<p><strong>En 1890<\/strong><em>, ils sont propri\u00e9taires cultivateurs \u00e0 Orladeix.<br \/>\n<\/em><\/p>\n<p><em>Ils y d\u00e9c\u00e8dent:<\/em><\/p>\n<ul>\n<li><em>Jean, le 15 juillet <\/em><strong>1911<\/strong><em>, \u00e2g\u00e9 de 85 ans<\/em><\/li>\n<li><em>Fran\u00e7oise, le 26 mars <\/em><strong>1915<\/strong><em>, \u00e2g\u00e9e de 89 ans<\/em><\/li>\n<\/ul>\n","protected":false},"excerpt":{"rendered":"<p>Mis \u00e0 jour le : 30\/04\/2026Jean LESTRADE 1825 \u2013 1911 ma\u00eetre ma\u00e7on n\u00e9 \u00e0 Orladeix (Roy\u00e8re) le 3 septembre 1825 fils de L\u00e9onard LESTRADE, ma\u00e7on Marie RANDAN, cultivatrice \u25d9 Jean \u00e9pouse Marie-Anne MARTIN le 23 f\u00e9vrier 1851 \u00e0 Roy\u00e8re (contrat Toumieux). Ils habitent d\u2019abord Orladeix. En 1862, Jean travaille \u00e0 Boutiers (16). Les \u00e9poux y ..<\/p>\n<div class=\"clear-fix\"><\/div>\n<p><a href=\"https:\/\/www.lesmaconsdelacreuse.fr\/annuaires\/lettre-l\/l_1607\/\" title=\"Lire la suite...\">Lire la suite<\/a><\/p>\n","protected":false},"author":6,"featured_media":0,"comment_status":"closed","ping_status":"closed","sticky":false,"template":"","format":"standard","meta":{"_acf_changed":false,"_exactmetrics_skip_tracking":false,"_exactmetrics_sitenote_active":false,"_exactmetrics_sitenote_note":"","_exactmetrics_sitenote_category":0,"footnotes":""},"categories":[19],"tags":[],"class_list":["post-9012","post","type-post","status-publish","format-standard","hentry","category-lettre-l"],"acf":[],"_links":{"self":[{"href":"https:\/\/www.lesmaconsdelacreuse.fr\/annuaires\/wp-json\/wp\/v2\/posts\/9012","targetHints":{"allow":["GET"]}}],"collection":[{"href":"https:\/\/www.lesmaconsdelacreuse.fr\/annuaires\/wp-json\/wp\/v2\/posts"}],"about":[{"href":"https:\/\/www.lesmaconsdelacreuse.fr\/annuaires\/wp-json\/wp\/v2\/types\/post"}],"author":[{"embeddable":true,"href":"https:\/\/www.lesmaconsdelacreuse.fr\/annuaires\/wp-json\/wp\/v2\/users\/6"}],"replies":[{"embeddable":true,"href":"https:\/\/www.lesmaconsdelacreuse.fr\/annuaires\/wp-json\/wp\/v2\/comments?post=9012"}],"version-history":[{"count":0,"href":"https:\/\/www.lesmaconsdelacreuse.fr\/annuaires\/wp-json\/wp\/v2\/posts\/9012\/revisions"}],"wp:attachment":[{"href":"https:\/\/www.lesmaconsdelacreuse.fr\/annuaires\/wp-json\/wp\/v2\/media?parent=9012"}],"wp:term":[{"taxonomy":"category","embeddable":true,"href":"https:\/\/www.lesmaconsdelacreuse.fr\/annuaires\/wp-json\/wp\/v2\/categories?post=9012"},{"taxonomy":"post_tag","embeddable":true,"href":"https:\/\/www.lesmaconsdelacreuse.fr\/annuaires\/wp-json\/wp\/v2\/tags?post=9012"}],"curies":[{"name":"wp","href":"https:\/\/api.w.org\/{rel}","templated":true}]}}