{"id":9016,"date":"2019-07-28T13:37:46","date_gmt":"2019-07-28T11:37:46","guid":{"rendered":"http:\/\/lesmaconsdelacreuse.fr\/annuaire\/?p=9016"},"modified":"2020-08-23T15:35:12","modified_gmt":"2020-08-23T13:35:12","slug":"l_1660","status":"publish","type":"post","link":"https:\/\/www.lesmaconsdelacreuse.fr\/annuaires\/lettre-l\/l_1660\/","title":{"rendered":"LHERITIER Fran\u00e7ois (1850-1886)"},"content":{"rendered":"<p class=\"last-updated\"><strong>Mis \u00e0 jour le :<\/strong> 30\/04\/2026<\/p><h2 style=\"text-align: center;\"><strong>Fran\u00e7ois LH\u00c9RITIER<\/strong><\/h2>\n<p style=\"text-align: center;\"><strong>1850 \u2013 1886<\/strong><\/p>\n<p style=\"text-align: center;\"><img decoding=\"async\" title=\"\" src=\"https:\/\/lesmaconsdelacreuse.fr\/annuaire\/wp-content\/uploads\/2019\/07\/image1-2329.jpg\" alt=\"\" data-source-id=\"i.0\" data-asset-id=\"9014\" \/><\/p>\n<h4 style=\"text-align: center;\"><span style=\"color: #008000;\"><strong>entrepreneur de b\u00e2timents<\/strong><\/span><\/h4>\n<p style=\"text-align: center;\">n\u00e9 \u00e0 Vergnolas (Roy\u00e8re)<\/p>\n<p style=\"text-align: center;\">le 3 novembre 1850<\/p>\n<p style=\"text-align: center;\">fils de<\/p>\n<p style=\"text-align: center;\">Jean LH\u00c9RITIER, <span style=\"color: #008000;\"><strong>ma\u00e7on<\/strong><\/span><\/p>\n<p style=\"text-align: center;\">Anne TOUNY, cultivatrice<\/p>\n<p style=\"text-align: center;\"><span style=\"color: #ffffff;\">\u25d9<\/span><\/p>\n<p><strong>En 1871<\/strong><em>, Fran\u00e7ois, <\/em><span style=\"color: #008000;\"><strong>ma\u00e7on<\/strong><\/span><em>, est d\u00e9clar\u00e9 impropre au service militaire, pour cataracte traumatique.<\/em><\/p>\n<p><em>Il \u00e9pouse Marie <\/em><strong>LECLERC<\/strong><em> le 5 f\u00e9vrier <\/em><strong>1874<\/strong><em> \u00e0 Roy\u00e8re (contrat Toumieux). Ils habitent Vergnolas.<\/em><\/p>\n<p><em>Ils y d\u00e9c\u00e8dent\u00a0:<\/em><\/p>\n<ul>\n<li><em>Marie, le 30 septembre <\/em><strong>1881<\/strong><em>, \u00e2g\u00e9e de 29 ans<\/em><\/li>\n<li><em>Fran\u00e7ois, le 25 avril <\/em><strong>1886<\/strong><em>, \u00e2g\u00e9 de 35 ans, <\/em><span style=\"color: #008000;\"><strong>ma\u00eetre-ma\u00e7on<\/strong><\/span><\/li>\n<\/ul>\n","protected":false},"excerpt":{"rendered":"<p>Mis \u00e0 jour le : 30\/04\/2026Fran\u00e7ois LH\u00c9RITIER 1850 \u2013 1886 entrepreneur de b\u00e2timents n\u00e9 \u00e0 Vergnolas (Roy\u00e8re) le 3 novembre 1850 fils de Jean LH\u00c9RITIER, ma\u00e7on Anne TOUNY, cultivatrice \u25d9 En 1871, Fran\u00e7ois, ma\u00e7on, est d\u00e9clar\u00e9 impropre au service militaire, pour cataracte traumatique. Il \u00e9pouse Marie LECLERC le 5 f\u00e9vrier 1874 \u00e0 Roy\u00e8re (contrat Toumieux). ..<\/p>\n<div class=\"clear-fix\"><\/div>\n<p><a href=\"https:\/\/www.lesmaconsdelacreuse.fr\/annuaires\/lettre-l\/l_1660\/\" title=\"Lire la suite...\">Lire la suite<\/a><\/p>\n","protected":false},"author":6,"featured_media":0,"comment_status":"closed","ping_status":"closed","sticky":false,"template":"","format":"standard","meta":{"_acf_changed":false,"_exactmetrics_skip_tracking":false,"_exactmetrics_sitenote_active":false,"_exactmetrics_sitenote_note":"","_exactmetrics_sitenote_category":0,"footnotes":""},"categories":[19],"tags":[],"class_list":["post-9016","post","type-post","status-publish","format-standard","hentry","category-lettre-l"],"acf":[],"_links":{"self":[{"href":"https:\/\/www.lesmaconsdelacreuse.fr\/annuaires\/wp-json\/wp\/v2\/posts\/9016","targetHints":{"allow":["GET"]}}],"collection":[{"href":"https:\/\/www.lesmaconsdelacreuse.fr\/annuaires\/wp-json\/wp\/v2\/posts"}],"about":[{"href":"https:\/\/www.lesmaconsdelacreuse.fr\/annuaires\/wp-json\/wp\/v2\/types\/post"}],"author":[{"embeddable":true,"href":"https:\/\/www.lesmaconsdelacreuse.fr\/annuaires\/wp-json\/wp\/v2\/users\/6"}],"replies":[{"embeddable":true,"href":"https:\/\/www.lesmaconsdelacreuse.fr\/annuaires\/wp-json\/wp\/v2\/comments?post=9016"}],"version-history":[{"count":0,"href":"https:\/\/www.lesmaconsdelacreuse.fr\/annuaires\/wp-json\/wp\/v2\/posts\/9016\/revisions"}],"wp:attachment":[{"href":"https:\/\/www.lesmaconsdelacreuse.fr\/annuaires\/wp-json\/wp\/v2\/media?parent=9016"}],"wp:term":[{"taxonomy":"category","embeddable":true,"href":"https:\/\/www.lesmaconsdelacreuse.fr\/annuaires\/wp-json\/wp\/v2\/categories?post=9016"},{"taxonomy":"post_tag","embeddable":true,"href":"https:\/\/www.lesmaconsdelacreuse.fr\/annuaires\/wp-json\/wp\/v2\/tags?post=9016"}],"curies":[{"name":"wp","href":"https:\/\/api.w.org\/{rel}","templated":true}]}}