{"id":9018,"date":"2019-07-28T13:37:46","date_gmt":"2019-07-28T11:37:46","guid":{"rendered":"http:\/\/lesmaconsdelacreuse.fr\/annuaire\/?p=9018"},"modified":"2020-02-11T12:10:46","modified_gmt":"2020-02-11T11:10:46","slug":"l_1675","status":"publish","type":"post","link":"https:\/\/www.lesmaconsdelacreuse.fr\/annuaires\/lettre-l\/l_1675\/","title":{"rendered":"LIARD Andr\u00e9 (vers 1796-1830)"},"content":{"rendered":"<p class=\"last-updated\"><strong>Mis \u00e0 jour le :<\/strong> 30\/04\/2026<\/p><h2 style=\"text-align: center;\"><strong>Andr\u00e9 LIARD<\/strong><\/h2>\n<p style=\"text-align: center;\"><strong>vers 1796 &#8211; 1830<\/strong><\/p>\n<h4 style=\"text-align: center;\"><span style=\"color: #008000;\"><strong>ma\u00e7on<\/strong><\/span><\/h4>\n<p style=\"text-align: center;\">n\u00e9 au Picq (Morterolles)\u00a0?<\/p>\n<p style=\"text-align: center;\">vers 1796<\/p>\n<p style=\"text-align: center;\">probablement fils de<\/p>\n<p style=\"text-align: center;\">L\u00e9onard LIARD \/ Th\u00e9r\u00e8se BARRI\u00c8RE<\/p>\n<p style=\"text-align: center;\"><em>(les registres de Morterolles sont tr\u00e8s incomplets)<\/em><\/p>\n<p style=\"text-align: center;\"><span style=\"color: #ffffff;\">\u25d9<\/span><\/p>\n<p><em> \u25ba<\/em><span style=\"color: #000000;\"><strong><a target=\"_blank\"style=\"color: #000000;\" href=\"https:\/\/www.lesmaconsdelacreuse.fr\/annuaires\/\/wp-content\/uploads\/DOCUMENTS\/1830_-_Andre_LIARD_mort_a_Paris.pdf\">En 1830<\/a><\/strong><\/span><em>, Andr\u00e9 travaille \u00e0 <\/em><span style=\"color: #0000ff;\"><strong>Paris (75)<\/strong><\/span><em> et loge 4, rue de Bercy.<\/em><\/p>\n<p><em> Il participe \u00e0 l\u2019insurrection des Trois Glorieuses (27, 28 et 29 juillet). Mortellement bless\u00e9, il d\u00e9c\u00e8de le 15 ao\u00fbt de la m\u00eame ann\u00e9e, \u00e2g\u00e9 de 34 ans environ, \u00e0 \u25ba<a target=\"_blank\"href=\"https:\/\/www.lesmaconsdelacreuse.fr\/annuaires\/\/wp-content\/uploads\/PHOTOS_-_CARTES_POSTALES\/PARIS_-_Hotel-Dieu.jpg\">l\u2019H\u00f4tel-Dieu<\/a>, 4, place du Parvis de Notre-Dame.<\/em><\/p>\n","protected":false},"excerpt":{"rendered":"<p>Mis \u00e0 jour le : 30\/04\/2026Andr\u00e9 LIARD vers 1796 &#8211; 1830 ma\u00e7on n\u00e9 au Picq (Morterolles)\u00a0? vers 1796 probablement fils de L\u00e9onard LIARD \/ Th\u00e9r\u00e8se BARRI\u00c8RE (les registres de Morterolles sont tr\u00e8s incomplets) \u25d9 \u25baEn 1830, Andr\u00e9 travaille \u00e0 Paris (75) et loge 4, rue de Bercy. Il participe \u00e0 l\u2019insurrection des Trois Glorieuses (27, ..<\/p>\n<div class=\"clear-fix\"><\/div>\n<p><a href=\"https:\/\/www.lesmaconsdelacreuse.fr\/annuaires\/lettre-l\/l_1675\/\" title=\"Lire la suite...\">Lire la suite<\/a><\/p>\n","protected":false},"author":6,"featured_media":0,"comment_status":"closed","ping_status":"closed","sticky":false,"template":"","format":"standard","meta":{"_acf_changed":false,"_exactmetrics_skip_tracking":false,"_exactmetrics_sitenote_active":false,"_exactmetrics_sitenote_note":"","_exactmetrics_sitenote_category":0,"footnotes":""},"categories":[19],"tags":[],"class_list":["post-9018","post","type-post","status-publish","format-standard","hentry","category-lettre-l"],"acf":[],"_links":{"self":[{"href":"https:\/\/www.lesmaconsdelacreuse.fr\/annuaires\/wp-json\/wp\/v2\/posts\/9018","targetHints":{"allow":["GET"]}}],"collection":[{"href":"https:\/\/www.lesmaconsdelacreuse.fr\/annuaires\/wp-json\/wp\/v2\/posts"}],"about":[{"href":"https:\/\/www.lesmaconsdelacreuse.fr\/annuaires\/wp-json\/wp\/v2\/types\/post"}],"author":[{"embeddable":true,"href":"https:\/\/www.lesmaconsdelacreuse.fr\/annuaires\/wp-json\/wp\/v2\/users\/6"}],"replies":[{"embeddable":true,"href":"https:\/\/www.lesmaconsdelacreuse.fr\/annuaires\/wp-json\/wp\/v2\/comments?post=9018"}],"version-history":[{"count":0,"href":"https:\/\/www.lesmaconsdelacreuse.fr\/annuaires\/wp-json\/wp\/v2\/posts\/9018\/revisions"}],"wp:attachment":[{"href":"https:\/\/www.lesmaconsdelacreuse.fr\/annuaires\/wp-json\/wp\/v2\/media?parent=9018"}],"wp:term":[{"taxonomy":"category","embeddable":true,"href":"https:\/\/www.lesmaconsdelacreuse.fr\/annuaires\/wp-json\/wp\/v2\/categories?post=9018"},{"taxonomy":"post_tag","embeddable":true,"href":"https:\/\/www.lesmaconsdelacreuse.fr\/annuaires\/wp-json\/wp\/v2\/tags?post=9018"}],"curies":[{"name":"wp","href":"https:\/\/api.w.org\/{rel}","templated":true}]}}