{"id":9024,"date":"2019-07-28T13:37:45","date_gmt":"2019-07-28T11:37:45","guid":{"rendered":"http:\/\/lesmaconsdelacreuse.fr\/annuaire\/?p=9024"},"modified":"2020-09-28T17:48:45","modified_gmt":"2020-09-28T15:48:45","slug":"l_1663","status":"publish","type":"post","link":"https:\/\/www.lesmaconsdelacreuse.fr\/annuaires\/lettre-l\/l_1663\/","title":{"rendered":"LHERITIER Jean (1819-1888)"},"content":{"rendered":"<p class=\"last-updated\"><strong>Mis \u00e0 jour le :<\/strong> 30\/04\/2026<\/p><h2 style=\"text-align: center;\"><strong>Jean LH\u00c9RITIER<\/strong><\/h2>\n<p style=\"text-align: center;\"><strong>1819 \u2013 1888<\/strong><\/p>\n<p style=\"text-align: center;\"><img decoding=\"async\" title=\"\" src=\"https:\/\/lesmaconsdelacreuse.fr\/annuaire\/wp-content\/uploads\/2019\/07\/image1-2332.jpg\" alt=\"\" data-source-id=\"i.0\" data-asset-id=\"9023\" \/><\/p>\n<h4 style=\"text-align: center;\"><span style=\"color: #008000;\"><strong>ma\u00e7on <\/strong>et <strong>propri\u00e9taire cultivateur<\/strong><\/span><\/h4>\n<p>&nbsp;<\/p>\n<p style=\"text-align: center;\">n\u00e9 \u00e0 Vergnolas (Roy\u00e8re)<\/p>\n<p style=\"text-align: center;\">le 12 d\u00e9cembre 1819<\/p>\n<p style=\"text-align: center;\">fils de<\/p>\n<p style=\"text-align: center;\">Michel LH\u00c9RITIER, <span style=\"color: #008000;\"><strong>ma\u00e7on<\/strong><\/span><\/p>\n<p style=\"text-align: center;\">Marie MERMINON, cultivatrice<\/p>\n<p style=\"text-align: center;\"><span style=\"color: #ffffff;\">\u25d9<\/span><\/p>\n<p><strong>En 1840<\/strong><em>, Jean travaille dans le dans le <\/em><span style=\"color: #0000ff;\"><strong>Rh\u00f4ne<\/strong><\/span><em> et y passe le conseil de r\u00e9vision.<\/em><\/p>\n<p><em> Il \u00e9pouse Jeanne <\/em><strong>LECLERC<\/strong><em> le 6 f\u00e9vrier <\/em><strong>1842<\/strong><em> \u00e0 Roy\u00e8re (contrat Toumieux). Ils habitent Vergnolas.<\/em><\/p>\n<p><em> Jeanne y d\u00e9c\u00e8de le 16 juin <\/em><strong>1844<\/strong><em>, \u00e2g\u00e9e de 25 ans.<\/em><\/p>\n<p><em>Jean se remarie le 18 f\u00e9vrier <\/em><strong>1846<\/strong><em> \u00e0 Roy\u00e8re avec Anne <\/em><strong>TOUNY<\/strong><em>. Ils vivent aussi \u00e0 Vergnolas.<\/em><\/p>\n<p><strong>En 1859<\/strong><em>, Jean est incarc\u00e9r\u00e9 \u00e0 la \u25ba<a href=\"https:\/\/www.lesmaconsdelacreuse.fr\/annuaires\/wp-content\/uploads\/2020\/08\/PRISON-SAINT-PAUL.png\" target=\"_blank\" rel=\"noopener noreferrer\">prison Saint-Paul<\/a> de <\/em><span style=\"color: #0000ff;\"><strong>Lyon (69)<\/strong><\/span><em> pendant deux mois pour vol.<\/em><\/p>\n<p><em>Les \u00e9poux d\u00e9c\u00e8dent\u00a0:<\/em><\/p>\n<ul>\n<li><em> Anne, \u00e0 Vergnolas, le 29 ao\u00fbt <\/em><strong>1885<\/strong><em>, \u00e2g\u00e9e de 59 ans<\/em><\/li>\n<li><em> Jean, \u00e0 Haute-Faye, m\u00eame commune, le 18 juin <\/em><strong>1888<\/strong><em>, \u00e2g\u00e9 de 68 ans<\/em><\/li>\n<\/ul>\n<p>&nbsp;<\/p>\n","protected":false},"excerpt":{"rendered":"<p>Mis \u00e0 jour le : 30\/04\/2026Jean LH\u00c9RITIER 1819 \u2013 1888 ma\u00e7on et propri\u00e9taire cultivateur &nbsp; n\u00e9 \u00e0 Vergnolas (Roy\u00e8re) le 12 d\u00e9cembre 1819 fils de Michel LH\u00c9RITIER, ma\u00e7on Marie MERMINON, cultivatrice \u25d9 En 1840, Jean travaille dans le dans le Rh\u00f4ne et y passe le conseil de r\u00e9vision. Il \u00e9pouse Jeanne LECLERC le 6 f\u00e9vrier ..<\/p>\n<div class=\"clear-fix\"><\/div>\n<p><a href=\"https:\/\/www.lesmaconsdelacreuse.fr\/annuaires\/lettre-l\/l_1663\/\" title=\"Lire la suite...\">Lire la suite<\/a><\/p>\n","protected":false},"author":6,"featured_media":0,"comment_status":"closed","ping_status":"closed","sticky":false,"template":"","format":"standard","meta":{"_acf_changed":false,"_exactmetrics_skip_tracking":false,"_exactmetrics_sitenote_active":false,"_exactmetrics_sitenote_note":"","_exactmetrics_sitenote_category":0,"footnotes":""},"categories":[19],"tags":[],"class_list":["post-9024","post","type-post","status-publish","format-standard","hentry","category-lettre-l"],"acf":[],"_links":{"self":[{"href":"https:\/\/www.lesmaconsdelacreuse.fr\/annuaires\/wp-json\/wp\/v2\/posts\/9024","targetHints":{"allow":["GET"]}}],"collection":[{"href":"https:\/\/www.lesmaconsdelacreuse.fr\/annuaires\/wp-json\/wp\/v2\/posts"}],"about":[{"href":"https:\/\/www.lesmaconsdelacreuse.fr\/annuaires\/wp-json\/wp\/v2\/types\/post"}],"author":[{"embeddable":true,"href":"https:\/\/www.lesmaconsdelacreuse.fr\/annuaires\/wp-json\/wp\/v2\/users\/6"}],"replies":[{"embeddable":true,"href":"https:\/\/www.lesmaconsdelacreuse.fr\/annuaires\/wp-json\/wp\/v2\/comments?post=9024"}],"version-history":[{"count":0,"href":"https:\/\/www.lesmaconsdelacreuse.fr\/annuaires\/wp-json\/wp\/v2\/posts\/9024\/revisions"}],"wp:attachment":[{"href":"https:\/\/www.lesmaconsdelacreuse.fr\/annuaires\/wp-json\/wp\/v2\/media?parent=9024"}],"wp:term":[{"taxonomy":"category","embeddable":true,"href":"https:\/\/www.lesmaconsdelacreuse.fr\/annuaires\/wp-json\/wp\/v2\/categories?post=9024"},{"taxonomy":"post_tag","embeddable":true,"href":"https:\/\/www.lesmaconsdelacreuse.fr\/annuaires\/wp-json\/wp\/v2\/tags?post=9024"}],"curies":[{"name":"wp","href":"https:\/\/api.w.org\/{rel}","templated":true}]}}