{"id":9031,"date":"2019-07-28T13:37:45","date_gmt":"2019-07-28T11:37:45","guid":{"rendered":"http:\/\/lesmaconsdelacreuse.fr\/annuaire\/?p=9031"},"modified":"2022-04-15T08:48:40","modified_gmt":"2022-04-15T06:48:40","slug":"l_1634","status":"publish","type":"post","link":"https:\/\/www.lesmaconsdelacreuse.fr\/annuaires\/lettre-l\/l_1634\/","title":{"rendered":"LETUR Fran\u00e7ois (1874-1969)"},"content":{"rendered":"<p class=\"last-updated\"><strong>Mis \u00e0 jour le :<\/strong> 30\/04\/2026<\/p><h2 style=\"text-align: center;\"><strong>Fran\u00e7ois LETUR<\/strong><\/h2>\n<p style=\"text-align: center;\"><strong>1874 \u2013 1969<\/strong><\/p>\n<p style=\"text-align: center;\"><img loading=\"lazy\" decoding=\"async\" class=\"\" title=\"\" src=\"https:\/\/lesmaconsdelacreuse.fr\/annuaire\/wp-content\/uploads\/2019\/07\/image1-2335.jpg\" alt=\"\" width=\"330\" height=\"78\" data-source-id=\"i.0\" data-asset-id=\"9028\" \/><\/p>\n<h4 style=\"text-align: center;\"><span style=\"color: #008000;\"><strong>ma\u00e7on <\/strong>et <strong>propri\u00e9taire cultivateur<\/strong><\/span><\/h4>\n<p style=\"text-align: center;\">n\u00e9 \u00e0 Villette (M\u00e9rignat)<\/p>\n<p style=\"text-align: center;\">le 27 avril 1874<\/p>\n<p style=\"text-align: center;\">fils de<\/p>\n<p style=\"text-align: center;\">L\u00e9onard LETUR \/ Marie SARTOUX<\/p>\n<p style=\"text-align: center;\">cultivateurs<\/p>\n<p style=\"text-align: center;\"><span style=\"color: #ffffff;\">\u25d9<\/span><\/p>\n<p><strong>En 1894<\/strong><em>, Fran\u00e7ois habite la commune de Saint-Martin-Ch\u00e2teau avec sa m\u00e8re.<\/em><\/p>\n<p><strong>En 1895<\/strong><em>, il r\u00e9form\u00e9 pour hernie par la commission sp\u00e9ciale de Dijon.<\/em><\/p>\n<p><em>Il \u00e9pouse Marie <\/em><strong>COULAUD<\/strong><em> le 2 f\u00e9vrier <\/em><strong>1899<\/strong><em> \u00e0 Saint-Pardoux-Lavaud (contrat Va\u00efsse \u00e0 Bourganeuf). Ils habitent d\u2019abord Lavaud, commune de Saint-Pardoux. <\/em><\/p>\n<p><strong>En 1904<\/strong><em>, ils sont \u00e0 <\/em><span style=\"color: #0000ff;\"><strong>Paris (75)<\/strong><\/span><em> , 4, rue Ganneron, 18e arrondissement.<\/em><\/p>\n<p><em>Ils d\u00e9c\u00e8dent \u00e0 Bord, commune de Saint-Pardoux\u00a0:<\/em><\/p>\n<ul>\n<li><em>Marie, le 22 mars <\/em><strong>1964<\/strong><em>, \u00e2g\u00e9e de 86 ans<\/em><\/li>\n<li><em>Fran\u00e7ois, le 8 ao\u00fbt <\/em><strong>1969<\/strong><em>, \u00e2g\u00e9 de 95 ans<\/em><\/li>\n<\/ul>\n<h2><\/h2>\n<p>&nbsp;<\/p>\n","protected":false},"excerpt":{"rendered":"<p>Mis \u00e0 jour le : 30\/04\/2026Fran\u00e7ois LETUR 1874 \u2013 1969 ma\u00e7on et propri\u00e9taire cultivateur n\u00e9 \u00e0 Villette (M\u00e9rignat) le 27 avril 1874 fils de L\u00e9onard LETUR \/ Marie SARTOUX cultivateurs \u25d9 En 1894, Fran\u00e7ois habite la commune de Saint-Martin-Ch\u00e2teau avec sa m\u00e8re. En 1895, il r\u00e9form\u00e9 pour hernie par la commission sp\u00e9ciale de Dijon. Il ..<\/p>\n<div class=\"clear-fix\"><\/div>\n<p><a href=\"https:\/\/www.lesmaconsdelacreuse.fr\/annuaires\/lettre-l\/l_1634\/\" title=\"Lire la suite...\">Lire la suite<\/a><\/p>\n","protected":false},"author":6,"featured_media":0,"comment_status":"closed","ping_status":"closed","sticky":false,"template":"","format":"standard","meta":{"_acf_changed":false,"_exactmetrics_skip_tracking":false,"_exactmetrics_sitenote_active":false,"_exactmetrics_sitenote_note":"","_exactmetrics_sitenote_category":0,"footnotes":""},"categories":[19],"tags":[],"class_list":["post-9031","post","type-post","status-publish","format-standard","hentry","category-lettre-l"],"acf":[],"_links":{"self":[{"href":"https:\/\/www.lesmaconsdelacreuse.fr\/annuaires\/wp-json\/wp\/v2\/posts\/9031","targetHints":{"allow":["GET"]}}],"collection":[{"href":"https:\/\/www.lesmaconsdelacreuse.fr\/annuaires\/wp-json\/wp\/v2\/posts"}],"about":[{"href":"https:\/\/www.lesmaconsdelacreuse.fr\/annuaires\/wp-json\/wp\/v2\/types\/post"}],"author":[{"embeddable":true,"href":"https:\/\/www.lesmaconsdelacreuse.fr\/annuaires\/wp-json\/wp\/v2\/users\/6"}],"replies":[{"embeddable":true,"href":"https:\/\/www.lesmaconsdelacreuse.fr\/annuaires\/wp-json\/wp\/v2\/comments?post=9031"}],"version-history":[{"count":2,"href":"https:\/\/www.lesmaconsdelacreuse.fr\/annuaires\/wp-json\/wp\/v2\/posts\/9031\/revisions"}],"predecessor-version":[{"id":197629,"href":"https:\/\/www.lesmaconsdelacreuse.fr\/annuaires\/wp-json\/wp\/v2\/posts\/9031\/revisions\/197629"}],"wp:attachment":[{"href":"https:\/\/www.lesmaconsdelacreuse.fr\/annuaires\/wp-json\/wp\/v2\/media?parent=9031"}],"wp:term":[{"taxonomy":"category","embeddable":true,"href":"https:\/\/www.lesmaconsdelacreuse.fr\/annuaires\/wp-json\/wp\/v2\/categories?post=9031"},{"taxonomy":"post_tag","embeddable":true,"href":"https:\/\/www.lesmaconsdelacreuse.fr\/annuaires\/wp-json\/wp\/v2\/tags?post=9031"}],"curies":[{"name":"wp","href":"https:\/\/api.w.org\/{rel}","templated":true}]}}