{"id":9037,"date":"2019-07-28T13:37:45","date_gmt":"2019-07-28T11:37:45","guid":{"rendered":"http:\/\/lesmaconsdelacreuse.fr\/annuaire\/?p=9037"},"modified":"2020-10-03T13:49:36","modified_gmt":"2020-10-03T11:49:36","slug":"l_1678","status":"publish","type":"post","link":"https:\/\/www.lesmaconsdelacreuse.fr\/annuaires\/lettre-l\/l_1678\/","title":{"rendered":"LIARD Antoine (1819-apr\u00e8s 1859)"},"content":{"rendered":"<p class=\"last-updated\"><strong>Mis \u00e0 jour le :<\/strong> 30\/04\/2026<\/p><h2 style=\"text-align: center;\"><strong>Antoine LIARD<\/strong><\/h2>\n<p style=\"text-align: center;\"><strong>1819 \u2013 apr\u00e8s 1859<\/strong><\/p>\n<p style=\"text-align: center;\"><img decoding=\"async\" title=\"\" src=\"https:\/\/lesmaconsdelacreuse.fr\/annuaire\/wp-content\/uploads\/2019\/07\/image1-2337.jpg\" alt=\"\" data-source-id=\"i.0\" data-asset-id=\"9033\" \/><\/p>\n<h4 style=\"text-align: center;\"><span style=\"color: #008000;\"><strong>ma\u00e7on<\/strong><\/span><\/h4>\n<p>&nbsp;<\/p>\n<p style=\"text-align: center;\">n\u00e9 au Leyris (Roy\u00e8re)<\/p>\n<p style=\"text-align: center;\">le 7 avril 1819<\/p>\n<p style=\"text-align: center;\">fils de<\/p>\n<p style=\"text-align: center;\">Arnaud LIARD,<span style=\"color: #008000;\"><strong> ma\u00e7on <\/strong><\/span>et \u25ba<a href=\"https:\/\/www.lesmaconsdelacreuse.fr\/annuaires\/wp-content\/uploads\/2020\/08\/SCIEUR-DE-LONG.png\" target=\"_blank\" rel=\"noopener noreferrer\">scieur de long<\/a><\/p>\n<p style=\"text-align: center;\">Fran\u00e7oise BEZAUD, cultivatrice<\/p>\n<p style=\"text-align: center;\"><span style=\"color: #ffffff;\">\u25d9<\/span><\/p>\n<p><em>Antoine \u00e9pouse Catherine <\/em><strong>BOUCAUD <\/strong><em>le 27 f\u00e9vrier <\/em><strong>1843<\/strong> <em>\u00e0 Roy\u00e8re (contrat Toumieux). Ils vivent d\u2019abord \u00e0 Roy\u00e8re.<\/em><\/p>\n<p><strong>En 1858 et 1859<\/strong><em>, Ils sont \u00e0 <\/em><span style=\"color: #0000ff;\"><strong>Lyon (69)<\/strong><\/span><em> et habitent 64, rue Montesquieu, 3e arrondissement. <\/em><\/p>\n<p>&nbsp;<\/p>\n","protected":false},"excerpt":{"rendered":"<p>Mis \u00e0 jour le : 30\/04\/2026Antoine LIARD 1819 \u2013 apr\u00e8s 1859 ma\u00e7on &nbsp; n\u00e9 au Leyris (Roy\u00e8re) le 7 avril 1819 fils de Arnaud LIARD, ma\u00e7on et \u25bascieur de long Fran\u00e7oise BEZAUD, cultivatrice \u25d9 Antoine \u00e9pouse Catherine BOUCAUD le 27 f\u00e9vrier 1843 \u00e0 Roy\u00e8re (contrat Toumieux). Ils vivent d\u2019abord \u00e0 Roy\u00e8re. En 1858 et 1859, ..<\/p>\n<div class=\"clear-fix\"><\/div>\n<p><a href=\"https:\/\/www.lesmaconsdelacreuse.fr\/annuaires\/lettre-l\/l_1678\/\" title=\"Lire la suite...\">Lire la suite<\/a><\/p>\n","protected":false},"author":6,"featured_media":0,"comment_status":"closed","ping_status":"closed","sticky":false,"template":"","format":"standard","meta":{"_acf_changed":false,"_exactmetrics_skip_tracking":false,"_exactmetrics_sitenote_active":false,"_exactmetrics_sitenote_note":"","_exactmetrics_sitenote_category":0,"footnotes":""},"categories":[19],"tags":[],"class_list":["post-9037","post","type-post","status-publish","format-standard","hentry","category-lettre-l"],"acf":[],"_links":{"self":[{"href":"https:\/\/www.lesmaconsdelacreuse.fr\/annuaires\/wp-json\/wp\/v2\/posts\/9037","targetHints":{"allow":["GET"]}}],"collection":[{"href":"https:\/\/www.lesmaconsdelacreuse.fr\/annuaires\/wp-json\/wp\/v2\/posts"}],"about":[{"href":"https:\/\/www.lesmaconsdelacreuse.fr\/annuaires\/wp-json\/wp\/v2\/types\/post"}],"author":[{"embeddable":true,"href":"https:\/\/www.lesmaconsdelacreuse.fr\/annuaires\/wp-json\/wp\/v2\/users\/6"}],"replies":[{"embeddable":true,"href":"https:\/\/www.lesmaconsdelacreuse.fr\/annuaires\/wp-json\/wp\/v2\/comments?post=9037"}],"version-history":[{"count":0,"href":"https:\/\/www.lesmaconsdelacreuse.fr\/annuaires\/wp-json\/wp\/v2\/posts\/9037\/revisions"}],"wp:attachment":[{"href":"https:\/\/www.lesmaconsdelacreuse.fr\/annuaires\/wp-json\/wp\/v2\/media?parent=9037"}],"wp:term":[{"taxonomy":"category","embeddable":true,"href":"https:\/\/www.lesmaconsdelacreuse.fr\/annuaires\/wp-json\/wp\/v2\/categories?post=9037"},{"taxonomy":"post_tag","embeddable":true,"href":"https:\/\/www.lesmaconsdelacreuse.fr\/annuaires\/wp-json\/wp\/v2\/tags?post=9037"}],"curies":[{"name":"wp","href":"https:\/\/api.w.org\/{rel}","templated":true}]}}