{"id":9039,"date":"2019-07-28T13:37:45","date_gmt":"2019-07-28T11:37:45","guid":{"rendered":"http:\/\/lesmaconsdelacreuse.fr\/annuaire\/?p=9039"},"modified":"2020-09-21T09:59:31","modified_gmt":"2020-09-21T07:59:31","slug":"l_1604","status":"publish","type":"post","link":"https:\/\/www.lesmaconsdelacreuse.fr\/annuaires\/lettre-l\/l_1604\/","title":{"rendered":"LESTRADE Fran\u00e7ois Lucien (1867-1929)"},"content":{"rendered":"<p class=\"last-updated\"><strong>Mis \u00e0 jour le :<\/strong> 30\/04\/2026<\/p><h2 style=\"text-align: center;\"><strong>Fran\u00e7ois Lucien LESTRADE<\/strong><\/h2>\n<p style=\"text-align: center;\"><strong>Lucien LESTRADE<\/strong><\/p>\n<p style=\"text-align: center;\"><strong>1867 \u2013 1929<\/strong><\/p>\n<p style=\"text-align: center;\"><img decoding=\"async\" title=\"\" src=\"https:\/\/lesmaconsdelacreuse.fr\/annuaire\/wp-content\/uploads\/2019\/07\/image1-2338.jpg\" alt=\"\" data-source-id=\"i.0\" data-asset-id=\"9034\" \/><\/p>\n<h4 style=\"text-align: center;\"><span style=\"color: #008000;\"><strong>ma\u00e7on <\/strong>et <strong>propri\u00e9taire cultivateur<\/strong><\/span><\/h4>\n<p>&nbsp;<\/p>\n<p style=\"text-align: center;\">n\u00e9 \u00e0 Langladure (Roy\u00e8re)<\/p>\n<p style=\"text-align: center;\">le 24 avril 1867<\/p>\n<p style=\"text-align: center;\">fils de<\/p>\n<p style=\"text-align: center;\">L\u00e9onard LESTRADE, <span style=\"color: #008000;\"><strong>ma\u00e7on<\/strong><\/span><\/p>\n<p style=\"text-align: center;\">Fran\u00e7oise MALEDENT, cultivatrice<\/p>\n<p style=\"text-align: center;\"><span style=\"color: #ffffff;\">\u25d9<\/span><\/p>\n<p><em>Lucien \u00e9pouse Marie Eug\u00e9nie <\/em><strong>LARMARAUD<\/strong><em> le 17 f\u00e9vrier <\/em><strong>1891<\/strong><em> \u00e0 Saint-Martin-Ch\u00e2teau (contrat Magadoux)\u00a0. <\/em><\/p>\n<p><em>Ils habitent le village de Neuvialle.<\/em><\/p>\n<p><em>Ils y d\u00e9c\u00e8dent\u00a0:<\/em><\/p>\n<ul>\n<li><em>Lucien, le 29 janvier <\/em><strong>1929<\/strong>,<em> \u00e2g\u00e9 de 61 ans, \u25ba<a href=\"https:\/\/www.lesmaconsdelacreuse.fr\/annuaires\/\/wp-content\/uploads\/LEXIQUE\/AB_INTESTAT.pdf\" target=\"_blank\" rel=\"noopener noreferrer\">ab intestat<\/a><br \/>\n<\/em><\/li>\n<li><em>Marie, le 20 juillet <\/em><strong>1947<\/strong><em>, \u00e2g\u00e9e de 76 ans<\/em><\/li>\n<\/ul>\n<p>&nbsp;<\/p>\n","protected":false},"excerpt":{"rendered":"<p>Mis \u00e0 jour le : 30\/04\/2026Fran\u00e7ois Lucien LESTRADE Lucien LESTRADE 1867 \u2013 1929 ma\u00e7on et propri\u00e9taire cultivateur &nbsp; n\u00e9 \u00e0 Langladure (Roy\u00e8re) le 24 avril 1867 fils de L\u00e9onard LESTRADE, ma\u00e7on Fran\u00e7oise MALEDENT, cultivatrice \u25d9 Lucien \u00e9pouse Marie Eug\u00e9nie LARMARAUD le 17 f\u00e9vrier 1891 \u00e0 Saint-Martin-Ch\u00e2teau (contrat Magadoux)\u00a0. Ils habitent le village de Neuvialle. Ils ..<\/p>\n<div class=\"clear-fix\"><\/div>\n<p><a href=\"https:\/\/www.lesmaconsdelacreuse.fr\/annuaires\/lettre-l\/l_1604\/\" title=\"Lire la suite...\">Lire la suite<\/a><\/p>\n","protected":false},"author":6,"featured_media":0,"comment_status":"closed","ping_status":"closed","sticky":false,"template":"","format":"standard","meta":{"_acf_changed":false,"_exactmetrics_skip_tracking":false,"_exactmetrics_sitenote_active":false,"_exactmetrics_sitenote_note":"","_exactmetrics_sitenote_category":0,"footnotes":""},"categories":[19],"tags":[],"class_list":["post-9039","post","type-post","status-publish","format-standard","hentry","category-lettre-l"],"acf":[],"_links":{"self":[{"href":"https:\/\/www.lesmaconsdelacreuse.fr\/annuaires\/wp-json\/wp\/v2\/posts\/9039","targetHints":{"allow":["GET"]}}],"collection":[{"href":"https:\/\/www.lesmaconsdelacreuse.fr\/annuaires\/wp-json\/wp\/v2\/posts"}],"about":[{"href":"https:\/\/www.lesmaconsdelacreuse.fr\/annuaires\/wp-json\/wp\/v2\/types\/post"}],"author":[{"embeddable":true,"href":"https:\/\/www.lesmaconsdelacreuse.fr\/annuaires\/wp-json\/wp\/v2\/users\/6"}],"replies":[{"embeddable":true,"href":"https:\/\/www.lesmaconsdelacreuse.fr\/annuaires\/wp-json\/wp\/v2\/comments?post=9039"}],"version-history":[{"count":0,"href":"https:\/\/www.lesmaconsdelacreuse.fr\/annuaires\/wp-json\/wp\/v2\/posts\/9039\/revisions"}],"wp:attachment":[{"href":"https:\/\/www.lesmaconsdelacreuse.fr\/annuaires\/wp-json\/wp\/v2\/media?parent=9039"}],"wp:term":[{"taxonomy":"category","embeddable":true,"href":"https:\/\/www.lesmaconsdelacreuse.fr\/annuaires\/wp-json\/wp\/v2\/categories?post=9039"},{"taxonomy":"post_tag","embeddable":true,"href":"https:\/\/www.lesmaconsdelacreuse.fr\/annuaires\/wp-json\/wp\/v2\/tags?post=9039"}],"curies":[{"name":"wp","href":"https:\/\/api.w.org\/{rel}","templated":true}]}}