{"id":9040,"date":"2019-07-28T13:37:44","date_gmt":"2019-07-28T11:37:44","guid":{"rendered":"http:\/\/lesmaconsdelacreuse.fr\/annuaire\/?p=9040"},"modified":"2020-10-04T11:13:04","modified_gmt":"2020-10-04T09:13:04","slug":"l_1613","status":"publish","type":"post","link":"https:\/\/www.lesmaconsdelacreuse.fr\/annuaires\/lettre-l\/l_1613\/","title":{"rendered":"LESTRADE Jean-Fran\u00e7ois (1883-1919)"},"content":{"rendered":"<p class=\"last-updated\"><strong>Mis \u00e0 jour le :<\/strong> 30\/04\/2026<\/p><h2 style=\"text-align: center;\"><strong>Jean-Fran\u00e7ois LESTRADE<\/strong><\/h2>\n<p style=\"text-align: center;\"><strong>Fran\u00e7ois LESTRADE<\/strong><\/p>\n<p style=\"text-align: center;\"><strong>1883 \u2013 1919<\/strong><\/p>\n<p style=\"text-align: center;\"><img decoding=\"async\" title=\"\" src=\"https:\/\/lesmaconsdelacreuse.fr\/annuaire\/wp-content\/uploads\/2019\/07\/image1-2339.jpg\" alt=\"\" data-source-id=\"i.0\" data-asset-id=\"9036\" \/><\/p>\n<h4 style=\"text-align: center;\"><span style=\"color: #008000;\"><strong>ma\u00e7on <\/strong>et\u00a0<strong><em>\u25ba<a href=\"https:\/\/www.lesmaconsdelacreuse.fr\/annuaires\/wp-content\/uploads\/2020\/07\/FUMISTE.png\" target=\"_blank\" rel=\"noopener noreferrer\"><span style=\"color: #008000;\">fumiste<\/span><\/a><\/em><\/strong><\/span><\/h4>\n<p>&nbsp;<\/p>\n<p style=\"text-align: center;\">n\u00e9 \u00e0 Masgrangeas (Roy\u00e8re)<\/p>\n<p style=\"text-align: center;\">le 13 novembre 1883<\/p>\n<p style=\"text-align: center;\">fils de<\/p>\n<p style=\"text-align: center;\">L\u00e9onard LESTRADE, <span style=\"color: #008000;\"><strong>ma\u00e7on<\/strong><\/span><\/p>\n<p style=\"text-align: center;\">Louise TARNAT, cultivatrice<\/p>\n<p style=\"text-align: center;\"><span style=\"color: #ffffff;\">\u25d9<\/span><\/p>\n<p><strong>En 1904<\/strong><em>, Jean-Fran\u00e7ois, <\/em><span style=\"color: #008000;\"><strong>fumiste<\/strong><\/span><em><span style=\"color: #008000;\">,<\/span> travaille en <\/em><strong><span style=\"color: #0000ff;\">Gironde<\/span> <\/strong><em>et y passe le conseil de r\u00e9vision. Il est dispens\u00e9 de service militaire comme fils a\u00een\u00e9 de veuve.<\/em><\/p>\n<p><strong>En 1905<\/strong><em>, il habite <\/em><span style=\"color: #0000ff;\"><strong>Bordeaux (33)<\/strong><\/span><em> 5, rue Laville.<\/em><\/p>\n<p><em> Il \u00e9pouse Annette <\/em><strong>BESSETTE<\/strong><em> le 10 f\u00e9vrier <\/em><strong>1910<\/strong><em> \u00e0 Roy\u00e8re (contrat Toumieux). Ils habitent Arpeix, m\u00eame commune.<\/em><\/p>\n<p><strong>En 1911 et 1912<\/strong><em>, Fran\u00e7ois est \u00e0 Bordeaux, 19, rue Laville.<\/em><\/p>\n<p><em>Il d\u00e9c\u00e8de \u00e0 Bordeaux le 6 juin <\/em><strong>1919<\/strong><em>, \u00e2g\u00e9 de 35 ans. <\/em><\/p>\n<p><em>En 1926, sa veuve est \u00e9pici\u00e8re \u00e0 Bordeaux, toujours \u00e0 la m\u00eame adresse. <\/em><\/p>\n<p>&nbsp;<\/p>\n","protected":false},"excerpt":{"rendered":"<p>Mis \u00e0 jour le : 30\/04\/2026Jean-Fran\u00e7ois LESTRADE Fran\u00e7ois LESTRADE 1883 \u2013 1919 ma\u00e7on et\u00a0\u25bafumiste &nbsp; n\u00e9 \u00e0 Masgrangeas (Roy\u00e8re) le 13 novembre 1883 fils de L\u00e9onard LESTRADE, ma\u00e7on Louise TARNAT, cultivatrice \u25d9 En 1904, Jean-Fran\u00e7ois, fumiste, travaille en Gironde et y passe le conseil de r\u00e9vision. Il est dispens\u00e9 de service militaire comme fils a\u00een\u00e9 ..<\/p>\n<div class=\"clear-fix\"><\/div>\n<p><a href=\"https:\/\/www.lesmaconsdelacreuse.fr\/annuaires\/lettre-l\/l_1613\/\" title=\"Lire la suite...\">Lire la suite<\/a><\/p>\n","protected":false},"author":6,"featured_media":0,"comment_status":"closed","ping_status":"closed","sticky":false,"template":"","format":"standard","meta":{"_acf_changed":false,"_exactmetrics_skip_tracking":false,"_exactmetrics_sitenote_active":false,"_exactmetrics_sitenote_note":"","_exactmetrics_sitenote_category":0,"footnotes":""},"categories":[19],"tags":[],"class_list":["post-9040","post","type-post","status-publish","format-standard","hentry","category-lettre-l"],"acf":[],"_links":{"self":[{"href":"https:\/\/www.lesmaconsdelacreuse.fr\/annuaires\/wp-json\/wp\/v2\/posts\/9040","targetHints":{"allow":["GET"]}}],"collection":[{"href":"https:\/\/www.lesmaconsdelacreuse.fr\/annuaires\/wp-json\/wp\/v2\/posts"}],"about":[{"href":"https:\/\/www.lesmaconsdelacreuse.fr\/annuaires\/wp-json\/wp\/v2\/types\/post"}],"author":[{"embeddable":true,"href":"https:\/\/www.lesmaconsdelacreuse.fr\/annuaires\/wp-json\/wp\/v2\/users\/6"}],"replies":[{"embeddable":true,"href":"https:\/\/www.lesmaconsdelacreuse.fr\/annuaires\/wp-json\/wp\/v2\/comments?post=9040"}],"version-history":[{"count":0,"href":"https:\/\/www.lesmaconsdelacreuse.fr\/annuaires\/wp-json\/wp\/v2\/posts\/9040\/revisions"}],"wp:attachment":[{"href":"https:\/\/www.lesmaconsdelacreuse.fr\/annuaires\/wp-json\/wp\/v2\/media?parent=9040"}],"wp:term":[{"taxonomy":"category","embeddable":true,"href":"https:\/\/www.lesmaconsdelacreuse.fr\/annuaires\/wp-json\/wp\/v2\/categories?post=9040"},{"taxonomy":"post_tag","embeddable":true,"href":"https:\/\/www.lesmaconsdelacreuse.fr\/annuaires\/wp-json\/wp\/v2\/tags?post=9040"}],"curies":[{"name":"wp","href":"https:\/\/api.w.org\/{rel}","templated":true}]}}