{"id":9050,"date":"2019-07-28T13:37:44","date_gmt":"2019-07-28T11:37:44","guid":{"rendered":"http:\/\/lesmaconsdelacreuse.fr\/annuaire\/?p=9050"},"modified":"2020-10-22T10:18:55","modified_gmt":"2020-10-22T08:18:55","slug":"l_1611","status":"publish","type":"post","link":"https:\/\/www.lesmaconsdelacreuse.fr\/annuaires\/lettre-l\/l_1611\/","title":{"rendered":"LESTRADE Jean-Baptiste Adrien (1882-1956)"},"content":{"rendered":"<p class=\"last-updated\"><strong>Mis \u00e0 jour le :<\/strong> 30\/04\/2026<\/p><h2 style=\"text-align: center;\"><strong>Jean-Baptiste Adrien LESTRADE<\/strong><\/h2>\n<p style=\"text-align: center;\"><strong>Adrien LESTRADE<\/strong><\/p>\n<p style=\"text-align: center;\"><strong>1882 \u2013 1956<\/strong><\/p>\n<p style=\"text-align: center;\"><img decoding=\"async\" title=\"\" src=\"https:\/\/lesmaconsdelacreuse.fr\/annuaire\/wp-content\/uploads\/2019\/07\/image1-148.png\" alt=\"\" data-source-id=\"i.0\" data-asset-id=\"9047\" \/><\/p>\n<h4 style=\"text-align: center;\"><strong><span style=\"color: #008000;\">entrepreneur de<\/span>\u00a0\u25ba<a href=\"https:\/\/www.lesmaconsdelacreuse.fr\/annuaires\/wp-content\/uploads\/2020\/08\/TRAVAUX-PUBLICS-1.png\"><span style=\"color: #008000;\">travaux publics<\/span><\/a><\/strong><\/h4>\n<p>&nbsp;<\/p>\n<p style=\"text-align: center;\">n\u00e9 \u00e0 Auzoux (Roy\u00e8re)<\/p>\n<p style=\"text-align: center;\">le 11 mars 1882<\/p>\n<p style=\"text-align: center;\">fils de<\/p>\n<p style=\"text-align: center;\">L\u00e9onard LESTRADE, <span style=\"color: #008000;\"><strong>entrepreneur de ma\u00e7onnerie<\/strong><\/span><\/p>\n<p style=\"text-align: center;\">Am\u00e9lie GERMOUTY<\/p>\n<p style=\"text-align: center;\"><span style=\"color: #ffffff;\">\u25d9<\/span><\/p>\n<p><em>Adrien \u00e9pouse Marie Fran\u00e7oise Elvina <\/em><strong>LESTRADE <\/strong><em>le 4 avril <\/em><strong>1904<\/strong><em> \u00e0 <\/em><span style=\"color: #0000ff;\"><strong>Saint-Savinien (17).<\/strong><\/span><\/p>\n<p><strong>En 1906<\/strong><em>, Adrien est <\/em><span style=\"color: #008000;\"><strong>entrepreneur de travaux publics<\/strong><\/span><em> \u00e0 <\/em><span style=\"color: #0000ff;\"><strong>Cognac (16)<\/strong><\/span><em>.<\/em><\/p>\n<p><em>Les \u00e9poux d\u00e9c\u00e8dent \u00e0 <\/em><strong><span style=\"color: #0000ff;\">Ch\u00e2teaubernard (16)<\/span>:<\/strong><\/p>\n<ul>\n<li><em>Elvina, le 17 novembre<\/em> <strong>1936<\/strong><\/li>\n<\/ul>\n<p><strong>\u00a0\u2022<\/strong><em> Adrien, le 18 d\u00e9cembre <\/em><strong>195<\/strong><em><strong>6<\/strong>, \u00e2g\u00e9 de 74 ans.<br \/>\n<\/em><\/p>\n<p>&nbsp;<\/p>\n<p><strong><span style=\"color: #0000ff;\">\u00a0<\/span><\/strong><\/p>\n<p>&nbsp;<\/p>\n","protected":false},"excerpt":{"rendered":"<p>Mis \u00e0 jour le : 30\/04\/2026Jean-Baptiste Adrien LESTRADE Adrien LESTRADE 1882 \u2013 1956 entrepreneur de\u00a0\u25batravaux publics &nbsp; n\u00e9 \u00e0 Auzoux (Roy\u00e8re) le 11 mars 1882 fils de L\u00e9onard LESTRADE, entrepreneur de ma\u00e7onnerie Am\u00e9lie GERMOUTY \u25d9 Adrien \u00e9pouse Marie Fran\u00e7oise Elvina LESTRADE le 4 avril 1904 \u00e0 Saint-Savinien (17). En 1906, Adrien est entrepreneur de travaux ..<\/p>\n<div class=\"clear-fix\"><\/div>\n<p><a href=\"https:\/\/www.lesmaconsdelacreuse.fr\/annuaires\/lettre-l\/l_1611\/\" title=\"Lire la suite...\">Lire la suite<\/a><\/p>\n","protected":false},"author":6,"featured_media":0,"comment_status":"closed","ping_status":"closed","sticky":false,"template":"","format":"standard","meta":{"_acf_changed":false,"_exactmetrics_skip_tracking":false,"_exactmetrics_sitenote_active":false,"_exactmetrics_sitenote_note":"","_exactmetrics_sitenote_category":0,"footnotes":""},"categories":[19],"tags":[],"class_list":["post-9050","post","type-post","status-publish","format-standard","hentry","category-lettre-l"],"acf":[],"_links":{"self":[{"href":"https:\/\/www.lesmaconsdelacreuse.fr\/annuaires\/wp-json\/wp\/v2\/posts\/9050","targetHints":{"allow":["GET"]}}],"collection":[{"href":"https:\/\/www.lesmaconsdelacreuse.fr\/annuaires\/wp-json\/wp\/v2\/posts"}],"about":[{"href":"https:\/\/www.lesmaconsdelacreuse.fr\/annuaires\/wp-json\/wp\/v2\/types\/post"}],"author":[{"embeddable":true,"href":"https:\/\/www.lesmaconsdelacreuse.fr\/annuaires\/wp-json\/wp\/v2\/users\/6"}],"replies":[{"embeddable":true,"href":"https:\/\/www.lesmaconsdelacreuse.fr\/annuaires\/wp-json\/wp\/v2\/comments?post=9050"}],"version-history":[{"count":0,"href":"https:\/\/www.lesmaconsdelacreuse.fr\/annuaires\/wp-json\/wp\/v2\/posts\/9050\/revisions"}],"wp:attachment":[{"href":"https:\/\/www.lesmaconsdelacreuse.fr\/annuaires\/wp-json\/wp\/v2\/media?parent=9050"}],"wp:term":[{"taxonomy":"category","embeddable":true,"href":"https:\/\/www.lesmaconsdelacreuse.fr\/annuaires\/wp-json\/wp\/v2\/categories?post=9050"},{"taxonomy":"post_tag","embeddable":true,"href":"https:\/\/www.lesmaconsdelacreuse.fr\/annuaires\/wp-json\/wp\/v2\/tags?post=9050"}],"curies":[{"name":"wp","href":"https:\/\/api.w.org\/{rel}","templated":true}]}}