{"id":9054,"date":"2019-07-28T13:37:44","date_gmt":"2019-07-28T11:37:44","guid":{"rendered":"http:\/\/lesmaconsdelacreuse.fr\/annuaire\/?p=9054"},"modified":"2020-01-20T11:28:30","modified_gmt":"2020-01-20T10:28:30","slug":"l_1639","status":"publish","type":"post","link":"https:\/\/www.lesmaconsdelacreuse.fr\/annuaires\/lettre-l\/l_1639\/","title":{"rendered":"LEYCURAS L\u00e9onard (1861-1948)"},"content":{"rendered":"<p class=\"last-updated\"><strong>Mis \u00e0 jour le :<\/strong> 30\/04\/2026<\/p><h2 style=\"text-align: center;\"><strong>L\u00e9onard LEYCURAS<\/strong><\/h2>\n<p style=\"text-align: center;\"><strong>1861 \u2013 1948<\/strong><\/p>\n<p style=\"text-align: center;\"><img decoding=\"async\" title=\"\" src=\"https:\/\/lesmaconsdelacreuse.fr\/annuaire\/wp-content\/uploads\/2019\/07\/image1-2343.jpg\" alt=\"\" data-source-id=\"i.0\" data-asset-id=\"9051\" \/><\/p>\n<h4 style=\"text-align: center;\"><span style=\"color: #008000;\"><strong>ma\u00e7on <\/strong>et<strong> cultivateur<\/strong><\/span><\/h4>\n<p style=\"text-align: center;\">n\u00e9 \u00e0 Villetelle (Bujaleuf \u2013 87)<\/p>\n<p style=\"text-align: center;\">le 4 juin 1861<\/p>\n<p style=\"text-align: center;\">fils naturel de<\/p>\n<p style=\"text-align: center;\">Marie LEYCURAS, cultivatrice<\/p>\n<p style=\"text-align: center;\"><span style=\"color: #ffffff;\">\u25d9<\/span><\/p>\n<p><em>L\u00e9onard \u00e9pouse Marie <\/em><strong>MENUDIER<\/strong><em> le 21 f\u00e9vrier <\/em><strong>1887<\/strong><em> \u00e0 Saint-Moreil (mari\u00e9s sans contrat). Ils habitent d\u2019abord le bourg de Saint-Moreil. <\/em><\/p>\n<p><strong>En 1892<\/strong><em>, L\u00e9onard travaille \u00e0 <\/em><span style=\"color: #0000ff;\"><strong>Versailles (78)<\/strong><\/span><em>, et loge 23, avenue de Montreuil.<\/em><\/p>\n<p><strong>En 1896<\/strong><em>, il est r\u00e9form\u00e9 pour varices \u00e9tendues aux deux jambes.<\/em><\/p>\n<p><em>Ils d\u00e9c\u00e8dent\u00a0:<\/em><\/p>\n<ul>\n<li><em>L\u00e9onard, \u00e0 Montboucher, le 2 novembre <\/em><strong>1948<\/strong><em>, \u00e2g\u00e9 de 87 ans<\/em><\/li>\n<li><em>Marie, \u00e0 Clichy (92), le 25 avril <\/em><strong>1952<\/strong><em>, \u00e2g\u00e9e de 85 ans<\/em><\/li>\n<\/ul>\n","protected":false},"excerpt":{"rendered":"<p>Mis \u00e0 jour le : 30\/04\/2026L\u00e9onard LEYCURAS 1861 \u2013 1948 ma\u00e7on et cultivateur n\u00e9 \u00e0 Villetelle (Bujaleuf \u2013 87) le 4 juin 1861 fils naturel de Marie LEYCURAS, cultivatrice \u25d9 L\u00e9onard \u00e9pouse Marie MENUDIER le 21 f\u00e9vrier 1887 \u00e0 Saint-Moreil (mari\u00e9s sans contrat). Ils habitent d\u2019abord le bourg de Saint-Moreil. En 1892, L\u00e9onard travaille \u00e0 ..<\/p>\n<div class=\"clear-fix\"><\/div>\n<p><a href=\"https:\/\/www.lesmaconsdelacreuse.fr\/annuaires\/lettre-l\/l_1639\/\" title=\"Lire la suite...\">Lire la suite<\/a><\/p>\n","protected":false},"author":6,"featured_media":0,"comment_status":"closed","ping_status":"closed","sticky":false,"template":"","format":"standard","meta":{"_acf_changed":false,"_exactmetrics_skip_tracking":false,"_exactmetrics_sitenote_active":false,"_exactmetrics_sitenote_note":"","_exactmetrics_sitenote_category":0,"footnotes":""},"categories":[19],"tags":[],"class_list":["post-9054","post","type-post","status-publish","format-standard","hentry","category-lettre-l"],"acf":[],"_links":{"self":[{"href":"https:\/\/www.lesmaconsdelacreuse.fr\/annuaires\/wp-json\/wp\/v2\/posts\/9054","targetHints":{"allow":["GET"]}}],"collection":[{"href":"https:\/\/www.lesmaconsdelacreuse.fr\/annuaires\/wp-json\/wp\/v2\/posts"}],"about":[{"href":"https:\/\/www.lesmaconsdelacreuse.fr\/annuaires\/wp-json\/wp\/v2\/types\/post"}],"author":[{"embeddable":true,"href":"https:\/\/www.lesmaconsdelacreuse.fr\/annuaires\/wp-json\/wp\/v2\/users\/6"}],"replies":[{"embeddable":true,"href":"https:\/\/www.lesmaconsdelacreuse.fr\/annuaires\/wp-json\/wp\/v2\/comments?post=9054"}],"version-history":[{"count":0,"href":"https:\/\/www.lesmaconsdelacreuse.fr\/annuaires\/wp-json\/wp\/v2\/posts\/9054\/revisions"}],"wp:attachment":[{"href":"https:\/\/www.lesmaconsdelacreuse.fr\/annuaires\/wp-json\/wp\/v2\/media?parent=9054"}],"wp:term":[{"taxonomy":"category","embeddable":true,"href":"https:\/\/www.lesmaconsdelacreuse.fr\/annuaires\/wp-json\/wp\/v2\/categories?post=9054"},{"taxonomy":"post_tag","embeddable":true,"href":"https:\/\/www.lesmaconsdelacreuse.fr\/annuaires\/wp-json\/wp\/v2\/tags?post=9054"}],"curies":[{"name":"wp","href":"https:\/\/api.w.org\/{rel}","templated":true}]}}