{"id":9060,"date":"2019-07-28T13:37:43","date_gmt":"2019-07-28T11:37:43","guid":{"rendered":"http:\/\/lesmaconsdelacreuse.fr\/annuaire\/?p=9060"},"modified":"2020-02-11T12:13:36","modified_gmt":"2020-02-11T11:13:36","slug":"l_1658","status":"publish","type":"post","link":"https:\/\/www.lesmaconsdelacreuse.fr\/annuaires\/lettre-l\/l_1658\/","title":{"rendered":"LHABITANT Fran\u00e7ois (1747-1817)"},"content":{"rendered":"<p class=\"last-updated\"><strong>Mis \u00e0 jour le :<\/strong> 30\/04\/2026<\/p><h2 style=\"text-align: center;\"><strong>Fran\u00e7ois LHABITANT<\/strong><\/h2>\n<p style=\"text-align: center;\"><strong>1747 &#8211; 1817<\/strong><\/p>\n<p style=\"text-align: center;\"><img decoding=\"async\" title=\"\" src=\"https:\/\/lesmaconsdelacreuse.fr\/annuaire\/wp-content\/uploads\/2019\/07\/image1-2346.jpg\" alt=\"\" data-source-id=\"i.0\" data-asset-id=\"9057\" \/><\/p>\n<h4 style=\"text-align: center;\"><span style=\"color: #008000;\"><strong>ma\u00e7on<\/strong><\/span><\/h4>\n<p style=\"text-align: center;\">n\u00e9 au bourg du Compeix<\/p>\n<p style=\"text-align: center;\">le 4 janvier 1747<\/p>\n<p style=\"text-align: center;\">fils de<\/p>\n<p style=\"text-align: center;\">L\u00e9onard LHABITANT, ma\u00eetre mar\u00e9chal-ferrant \/ Rose MARCHEIX<\/p>\n<p style=\"text-align: center;\">laboureurs<\/p>\n<p style=\"text-align: center;\"><span style=\"color: #ffffff;\">\u25d9<\/span><\/p>\n<p><span style=\"color: #ff00ff;\"><strong>En 1773<\/strong><\/span><em>, Fran\u00e7ois travaille \u00e0 <\/em><span style=\"color: #0000ff;\"><strong>Lyon (69)<\/strong><\/span><em> et loge rue Confort, paroisse Saint-Nizier.<\/em><\/p>\n<p><em>Il \u00e9pouse Marie <\/em><strong>CAYRE<\/strong><em>, lyonnaise, le 12 janvier de la m\u00eame ann\u00e9e en \u25ba<\/em>l\u2019<a target=\"_blank\"href=\"https:\/\/www.lesmaconsdelacreuse.fr\/annuaires\/\/wp-content\/uploads\/PHOTOS_-_CARTES_POSTALES\/LYON_-_Eglise_Saint-Irenee.jpg\">\u00e9glise Saint- Ir\u00e9n\u00e9e<\/a><em> de Lyon.<\/em><\/p>\n<p><strong>En 1817<\/strong><em>, ils habitent 17, rue port Charles.<\/em><\/p>\n<p><em>Fran\u00e7ois d\u00e9c\u00e8de \u00e0 l\u2019H\u00f4pital des Malades le 21 juillet de la m\u00eame ann\u00e9e<\/em>,<em> \u00e2g\u00e9 de 70 ans.<\/em><\/p>\n","protected":false},"excerpt":{"rendered":"<p>Mis \u00e0 jour le : 30\/04\/2026Fran\u00e7ois LHABITANT 1747 &#8211; 1817 ma\u00e7on n\u00e9 au bourg du Compeix le 4 janvier 1747 fils de L\u00e9onard LHABITANT, ma\u00eetre mar\u00e9chal-ferrant \/ Rose MARCHEIX laboureurs \u25d9 En 1773, Fran\u00e7ois travaille \u00e0 Lyon (69) et loge rue Confort, paroisse Saint-Nizier. Il \u00e9pouse Marie CAYRE, lyonnaise, le 12 janvier de la m\u00eame ..<\/p>\n<div class=\"clear-fix\"><\/div>\n<p><a href=\"https:\/\/www.lesmaconsdelacreuse.fr\/annuaires\/lettre-l\/l_1658\/\" title=\"Lire la suite...\">Lire la suite<\/a><\/p>\n","protected":false},"author":6,"featured_media":0,"comment_status":"closed","ping_status":"closed","sticky":false,"template":"","format":"standard","meta":{"_acf_changed":false,"_exactmetrics_skip_tracking":false,"_exactmetrics_sitenote_active":false,"_exactmetrics_sitenote_note":"","_exactmetrics_sitenote_category":0,"footnotes":""},"categories":[19],"tags":[],"class_list":["post-9060","post","type-post","status-publish","format-standard","hentry","category-lettre-l"],"acf":[],"_links":{"self":[{"href":"https:\/\/www.lesmaconsdelacreuse.fr\/annuaires\/wp-json\/wp\/v2\/posts\/9060","targetHints":{"allow":["GET"]}}],"collection":[{"href":"https:\/\/www.lesmaconsdelacreuse.fr\/annuaires\/wp-json\/wp\/v2\/posts"}],"about":[{"href":"https:\/\/www.lesmaconsdelacreuse.fr\/annuaires\/wp-json\/wp\/v2\/types\/post"}],"author":[{"embeddable":true,"href":"https:\/\/www.lesmaconsdelacreuse.fr\/annuaires\/wp-json\/wp\/v2\/users\/6"}],"replies":[{"embeddable":true,"href":"https:\/\/www.lesmaconsdelacreuse.fr\/annuaires\/wp-json\/wp\/v2\/comments?post=9060"}],"version-history":[{"count":0,"href":"https:\/\/www.lesmaconsdelacreuse.fr\/annuaires\/wp-json\/wp\/v2\/posts\/9060\/revisions"}],"wp:attachment":[{"href":"https:\/\/www.lesmaconsdelacreuse.fr\/annuaires\/wp-json\/wp\/v2\/media?parent=9060"}],"wp:term":[{"taxonomy":"category","embeddable":true,"href":"https:\/\/www.lesmaconsdelacreuse.fr\/annuaires\/wp-json\/wp\/v2\/categories?post=9060"},{"taxonomy":"post_tag","embeddable":true,"href":"https:\/\/www.lesmaconsdelacreuse.fr\/annuaires\/wp-json\/wp\/v2\/tags?post=9060"}],"curies":[{"name":"wp","href":"https:\/\/api.w.org\/{rel}","templated":true}]}}