{"id":9062,"date":"2019-07-28T13:37:43","date_gmt":"2019-07-28T11:37:43","guid":{"rendered":"http:\/\/lesmaconsdelacreuse.fr\/annuaire\/?p=9062"},"modified":"2020-01-20T11:28:32","modified_gmt":"2020-01-20T10:28:32","slug":"l_1610","status":"publish","type":"post","link":"https:\/\/www.lesmaconsdelacreuse.fr\/annuaires\/lettre-l\/l_1610\/","title":{"rendered":"LESTRADE Jean (1880-1962)"},"content":{"rendered":"<p class=\"last-updated\"><strong>Mis \u00e0 jour le :<\/strong> 02\/05\/2026<\/p><h2 style=\"text-align: center;\"><strong>Jean LESTRADE<\/strong><\/h2>\n<p style=\"text-align: center;\"><strong>1880 \u2013 1962<\/strong><\/p>\n<p style=\"text-align: center;\"><span style=\"color: #008000;\"><img loading=\"lazy\" decoding=\"async\" class=\"\" title=\"\" src=\"https:\/\/lesmaconsdelacreuse.fr\/annuaire\/wp-content\/uploads\/2019\/07\/image1-2348.jpg\" alt=\"\" width=\"314\" height=\"82\" data-source-id=\"i.0\" data-asset-id=\"9059\" \/><\/span><\/p>\n<h4 style=\"text-align: center;\"><span style=\"color: #008000;\"><strong>ma\u00e7on <\/strong>et <strong>propri\u00e9taire cultivateur<\/strong><\/span><\/h4>\n<p style=\"text-align: center;\">n\u00e9 au Bost-Boussac (Saint-Martin-Ch\u00e2teau)<\/p>\n<p style=\"text-align: center;\">le 8 avril 1880<\/p>\n<p style=\"text-align: center;\">fils de<\/p>\n<p style=\"text-align: center;\">Jacques LESTRADE, <span style=\"color: #008000;\"><strong>ma\u00e7on <\/strong><\/span><strong>\/ <\/strong>Fran\u00e7oise JOUANAUD<\/p>\n<p style=\"text-align: center;\">propri\u00e9taires cultivateurs<\/p>\n<p style=\"text-align: center;\"><span style=\"color: #ffffff;\">\u25d9<\/span><\/p>\n<p style=\"text-align: left;\"><strong>En 1901<\/strong><em>, Jean est ajourn\u00e9 de service militaire pour faiblesse, ainsi qu\u2019<\/em><strong>en 1902<\/strong><em>, puis reconnu apte <\/em>en 1903<em>.<\/em><\/p>\n<p><em>Il \u00e9pouse Marie S\u00e9raphie <\/em><strong>NOURRISSEAU<\/strong><em> le 3 mars <\/em><strong>1906<\/strong> <em>\u00e0 Saint-Pardoux-Lavaud (contrat Berger \u00e0 Bourganeuf). Ils habitent le Bost-Boussac, puis Buze, commune de Saint-Pardoux-Lavaud. <\/em><\/p>\n<p><strong>En 1907 et 1908<\/strong><em>, Jean travaille \u00e0 <\/em><span style=\"color: #0000ff;\"><strong>Lyon (69)<\/strong><\/span><em> et loge 111, chemin de Choulans\u00a0;<\/em><\/p>\n<p><strong>en 1910<\/strong><em>, \u00e0 <\/em><span style=\"color: #0000ff;\"><strong>Thierville (55)<\/strong><\/span><em>, Jardin Fontaine\u00a0;<\/em><\/p>\n<p><strong>en 1911<\/strong><em>, \u00e0 <\/em><span style=\"color: #0000ff;\"><strong>Pierre-B\u00e9nite<\/strong> <strong>(69)<\/strong><\/span><em>, 76, Grande Rue.<\/em><\/p>\n<p><em>Les \u00e9poux d\u00e9c\u00e8dent \u00e0 Buze\u00a0:<\/em><\/p>\n<ul>\n<li><em>Jean, le 29 mars <\/em><strong>1962<\/strong><em>, \u00e2g\u00e9 de 81 ans<\/em><\/li>\n<li><em>S\u00e9raphie, le 10 juin <\/em><strong>1963<\/strong><em>, \u00e2g\u00e9e de 77 ans<\/em><\/li>\n<\/ul>\n","protected":false},"excerpt":{"rendered":"<p>Mis \u00e0 jour le : 02\/05\/2026Jean LESTRADE 1880 \u2013 1962 ma\u00e7on et propri\u00e9taire cultivateur n\u00e9 au Bost-Boussac (Saint-Martin-Ch\u00e2teau) le 8 avril 1880 fils de Jacques LESTRADE, ma\u00e7on \/ Fran\u00e7oise JOUANAUD propri\u00e9taires cultivateurs \u25d9 En 1901, Jean est ajourn\u00e9 de service militaire pour faiblesse, ainsi qu\u2019en 1902, puis reconnu apte en 1903. Il \u00e9pouse Marie S\u00e9raphie ..<\/p>\n<div class=\"clear-fix\"><\/div>\n<p><a href=\"https:\/\/www.lesmaconsdelacreuse.fr\/annuaires\/lettre-l\/l_1610\/\" title=\"Lire la suite...\">Lire la suite<\/a><\/p>\n","protected":false},"author":6,"featured_media":0,"comment_status":"closed","ping_status":"closed","sticky":false,"template":"","format":"standard","meta":{"_acf_changed":false,"_exactmetrics_skip_tracking":false,"_exactmetrics_sitenote_active":false,"_exactmetrics_sitenote_note":"","_exactmetrics_sitenote_category":0,"footnotes":""},"categories":[19],"tags":[],"class_list":["post-9062","post","type-post","status-publish","format-standard","hentry","category-lettre-l"],"acf":[],"_links":{"self":[{"href":"https:\/\/www.lesmaconsdelacreuse.fr\/annuaires\/wp-json\/wp\/v2\/posts\/9062","targetHints":{"allow":["GET"]}}],"collection":[{"href":"https:\/\/www.lesmaconsdelacreuse.fr\/annuaires\/wp-json\/wp\/v2\/posts"}],"about":[{"href":"https:\/\/www.lesmaconsdelacreuse.fr\/annuaires\/wp-json\/wp\/v2\/types\/post"}],"author":[{"embeddable":true,"href":"https:\/\/www.lesmaconsdelacreuse.fr\/annuaires\/wp-json\/wp\/v2\/users\/6"}],"replies":[{"embeddable":true,"href":"https:\/\/www.lesmaconsdelacreuse.fr\/annuaires\/wp-json\/wp\/v2\/comments?post=9062"}],"version-history":[{"count":0,"href":"https:\/\/www.lesmaconsdelacreuse.fr\/annuaires\/wp-json\/wp\/v2\/posts\/9062\/revisions"}],"wp:attachment":[{"href":"https:\/\/www.lesmaconsdelacreuse.fr\/annuaires\/wp-json\/wp\/v2\/media?parent=9062"}],"wp:term":[{"taxonomy":"category","embeddable":true,"href":"https:\/\/www.lesmaconsdelacreuse.fr\/annuaires\/wp-json\/wp\/v2\/categories?post=9062"},{"taxonomy":"post_tag","embeddable":true,"href":"https:\/\/www.lesmaconsdelacreuse.fr\/annuaires\/wp-json\/wp\/v2\/tags?post=9062"}],"curies":[{"name":"wp","href":"https:\/\/api.w.org\/{rel}","templated":true}]}}