{"id":9063,"date":"2019-07-28T13:37:43","date_gmt":"2019-07-28T11:37:43","guid":{"rendered":"http:\/\/lesmaconsdelacreuse.fr\/annuaire\/?p=9063"},"modified":"2020-01-20T11:28:32","modified_gmt":"2020-01-20T10:28:32","slug":"l_1615","status":"publish","type":"post","link":"https:\/\/www.lesmaconsdelacreuse.fr\/annuaires\/lettre-l\/l_1615\/","title":{"rendered":"LESTRADE L\u00e9onard (1790-1861)"},"content":{"rendered":"<p class=\"last-updated\"><strong>Mis \u00e0 jour le :<\/strong> 30\/04\/2026<\/p><h2 style=\"text-align: center;\"><strong>L\u00e9onard LESTRADE<\/strong><\/h2>\n<p style=\"text-align: center;\"><strong>1790 \u2013 1861<\/strong><\/p>\n<p style=\"text-align: center;\"><img decoding=\"async\" title=\"\" src=\"https:\/\/lesmaconsdelacreuse.fr\/annuaire\/wp-content\/uploads\/2019\/07\/image1-2347.jpg\" alt=\"\" data-source-id=\"i.0\" data-asset-id=\"9058\" \/><\/p>\n<h4 style=\"text-align: center;\"><span style=\"color: #008000;\"><strong>ma\u00e7on <\/strong>et<strong> cultivateur<\/strong><\/span><\/h4>\n<p style=\"text-align: center;\">n\u00e9 \u00e0 Orladeix (Roy\u00e8re)<\/p>\n<p style=\"text-align: center;\">le 15 novembre 1790<\/p>\n<p style=\"text-align: center;\">fils de<\/p>\n<p style=\"text-align: center;\">L\u00e9onard LESTRADE \/ Louise BESSETTE<\/p>\n<p style=\"text-align: center;\">journaliers<\/p>\n<p style=\"text-align: center;\"><span style=\"color: #ffffff;\">\u25d9<\/span><\/p>\n<p style=\"text-align: left;\"><em>L\u00e9onard \u00e9pouse Marie-Anne <\/em><strong>AUPHELLE<\/strong><em> le 13 f\u00e9vrier <\/em><strong>1809<\/strong><em> \u00e0 Roy\u00e8re (contrat Coutisson). Ils habitent Orladeix .<\/em><\/p>\n<p><em>Marie-Anne y d\u00e9c\u00e8de le 19 avril <\/em><strong>1816<\/strong><em>, \u00e2g\u00e9e de 26 ans. <\/em><\/p>\n<p><em>L\u00e9onard se remarie le 13 f\u00e9vrier <\/em><strong>1820<\/strong><em> \u00e0 Roy\u00e8re avec Marie <\/em><strong>RANDANT<\/strong><em>. Ils habitent aussi Orladeix.<\/em><\/p>\n<p><em>Ils d\u00e9c\u00e8dent\u00a0:<\/em><\/p>\n<ul>\n<li><em>L\u00e9onard, le 17 juillet <\/em><strong>1861<\/strong><em>, \u00e0 Orladeix, \u00e2g\u00e9 de 70 ans<\/em><\/li>\n<li><em>Marie, le 13 avril <\/em><strong>1869<\/strong>,<em> \u00e0 Boutiers-Saint-Trojan (16), \u00e2g\u00e9e de 72 ans<\/em><\/li>\n<\/ul>\n","protected":false},"excerpt":{"rendered":"<p>Mis \u00e0 jour le : 30\/04\/2026L\u00e9onard LESTRADE 1790 \u2013 1861 ma\u00e7on et cultivateur n\u00e9 \u00e0 Orladeix (Roy\u00e8re) le 15 novembre 1790 fils de L\u00e9onard LESTRADE \/ Louise BESSETTE journaliers \u25d9 L\u00e9onard \u00e9pouse Marie-Anne AUPHELLE le 13 f\u00e9vrier 1809 \u00e0 Roy\u00e8re (contrat Coutisson). Ils habitent Orladeix . Marie-Anne y d\u00e9c\u00e8de le 19 avril 1816, \u00e2g\u00e9e de ..<\/p>\n<div class=\"clear-fix\"><\/div>\n<p><a href=\"https:\/\/www.lesmaconsdelacreuse.fr\/annuaires\/lettre-l\/l_1615\/\" title=\"Lire la suite...\">Lire la suite<\/a><\/p>\n","protected":false},"author":6,"featured_media":0,"comment_status":"closed","ping_status":"closed","sticky":false,"template":"","format":"standard","meta":{"_acf_changed":false,"_exactmetrics_skip_tracking":false,"_exactmetrics_sitenote_active":false,"_exactmetrics_sitenote_note":"","_exactmetrics_sitenote_category":0,"footnotes":""},"categories":[19],"tags":[],"class_list":["post-9063","post","type-post","status-publish","format-standard","hentry","category-lettre-l"],"acf":[],"_links":{"self":[{"href":"https:\/\/www.lesmaconsdelacreuse.fr\/annuaires\/wp-json\/wp\/v2\/posts\/9063","targetHints":{"allow":["GET"]}}],"collection":[{"href":"https:\/\/www.lesmaconsdelacreuse.fr\/annuaires\/wp-json\/wp\/v2\/posts"}],"about":[{"href":"https:\/\/www.lesmaconsdelacreuse.fr\/annuaires\/wp-json\/wp\/v2\/types\/post"}],"author":[{"embeddable":true,"href":"https:\/\/www.lesmaconsdelacreuse.fr\/annuaires\/wp-json\/wp\/v2\/users\/6"}],"replies":[{"embeddable":true,"href":"https:\/\/www.lesmaconsdelacreuse.fr\/annuaires\/wp-json\/wp\/v2\/comments?post=9063"}],"version-history":[{"count":0,"href":"https:\/\/www.lesmaconsdelacreuse.fr\/annuaires\/wp-json\/wp\/v2\/posts\/9063\/revisions"}],"wp:attachment":[{"href":"https:\/\/www.lesmaconsdelacreuse.fr\/annuaires\/wp-json\/wp\/v2\/media?parent=9063"}],"wp:term":[{"taxonomy":"category","embeddable":true,"href":"https:\/\/www.lesmaconsdelacreuse.fr\/annuaires\/wp-json\/wp\/v2\/categories?post=9063"},{"taxonomy":"post_tag","embeddable":true,"href":"https:\/\/www.lesmaconsdelacreuse.fr\/annuaires\/wp-json\/wp\/v2\/tags?post=9063"}],"curies":[{"name":"wp","href":"https:\/\/api.w.org\/{rel}","templated":true}]}}