{"id":9067,"date":"2019-07-28T13:37:43","date_gmt":"2019-07-28T11:37:43","guid":{"rendered":"http:\/\/lesmaconsdelacreuse.fr\/annuaire\/?p=9067"},"modified":"2020-02-11T12:13:37","modified_gmt":"2020-02-11T11:13:37","slug":"l_1608","status":"publish","type":"post","link":"https:\/\/www.lesmaconsdelacreuse.fr\/annuaires\/lettre-l\/l_1608\/","title":{"rendered":"LESTRADE Jean (1828-1899)"},"content":{"rendered":"<p class=\"last-updated\"><strong>Mis \u00e0 jour le :<\/strong> 30\/04\/2026<\/p><h2 style=\"text-align: center;\"><strong>Jean LESTRADE<\/strong><\/h2>\n<p style=\"text-align: center;\"><strong>1828 \u2013 1899<\/strong><\/p>\n<p style=\"text-align: center;\"><img decoding=\"async\" title=\"\" src=\"https:\/\/lesmaconsdelacreuse.fr\/annuaire\/wp-content\/uploads\/2019\/07\/image1-2350.jpg\" alt=\"\" data-source-id=\"i.0\" data-asset-id=\"9065\" \/><\/p>\n<h4 style=\"text-align: center;\"><span style=\"color: #008000;\"><strong>ma\u00e7on <\/strong>et <strong>propri\u00e9taire cultivateur<\/strong><\/span><\/h4>\n<p style=\"text-align: center;\">n\u00e9 \u00e0 Orladeix (Roy\u00e8re)<\/p>\n<p style=\"text-align: center;\">le 24 d\u00e9cembre 1828<\/p>\n<p style=\"text-align: center;\">fils de<\/p>\n<p style=\"text-align: center;\">L\u00e9onard LESTRADE, <span style=\"color: #008000;\"><strong>ma\u00e7on<\/strong><\/span><\/p>\n<p style=\"text-align: center;\">Marie RANDAN, cultivatrice<\/p>\n<p style=\"text-align: center;\"><span style=\"color: #ffffff;\">\u25d9<\/span><\/p>\n<p><strong>En 1849<\/strong><em>, Jean est dispens\u00e9 de service militaire ayant un fr\u00e8re sous les drapeaux.<\/em><\/p>\n<p><em>Il \u00e9pouse Anne <\/em><strong>GARAUDE<\/strong><em> le 19 f\u00e9vrier <\/em><strong>1854<\/strong><em> \u00e0 Roy\u00e8re (contrat Faure \u00e0 Saint-Martin-Ch\u00e2teau). Ils habitent Orladeix.<\/em><\/p>\n<p><em>Ils d\u00e9c\u00e8dent\u00a0:<\/em><\/p>\n<ul>\n<li><em>Jean, \u00e0 Roy\u00e8re, le 4 octobre <\/em><strong>1899<\/strong><em>, \u00e2g\u00e9 de 70 ans<\/em><\/li>\n<li><em> Anne, \u00e0 Montagny (69), le 21 f\u00e9vrier <\/em><strong>1902<\/strong><em>, \u00e2g\u00e9e aussi de 70 ans, chez son gendre, L\u00e9onard MARTINAUD, ma\u00eetre ma\u00e7on<\/em><\/li>\n<\/ul>\n<p><em>Ils sont inhum\u00e9s au \u25ba<a target=\"_blank\"href=\"https:\/\/www.lesmaconsdelacreuse.fr\/annuaires\/\/wp-content\/uploads\/PHOTOS_-_CARTES_POSTALES\/TOMBEAU_LESTRADE-GARAUDE.gif\">cimeti\u00e8re<\/a> de Roy\u00e8re.<\/em><\/p>\n","protected":false},"excerpt":{"rendered":"<p>Mis \u00e0 jour le : 30\/04\/2026Jean LESTRADE 1828 \u2013 1899 ma\u00e7on et propri\u00e9taire cultivateur n\u00e9 \u00e0 Orladeix (Roy\u00e8re) le 24 d\u00e9cembre 1828 fils de L\u00e9onard LESTRADE, ma\u00e7on Marie RANDAN, cultivatrice \u25d9 En 1849, Jean est dispens\u00e9 de service militaire ayant un fr\u00e8re sous les drapeaux. Il \u00e9pouse Anne GARAUDE le 19 f\u00e9vrier 1854 \u00e0 Roy\u00e8re ..<\/p>\n<div class=\"clear-fix\"><\/div>\n<p><a href=\"https:\/\/www.lesmaconsdelacreuse.fr\/annuaires\/lettre-l\/l_1608\/\" title=\"Lire la suite...\">Lire la suite<\/a><\/p>\n","protected":false},"author":6,"featured_media":0,"comment_status":"closed","ping_status":"closed","sticky":false,"template":"","format":"standard","meta":{"_acf_changed":false,"_exactmetrics_skip_tracking":false,"_exactmetrics_sitenote_active":false,"_exactmetrics_sitenote_note":"","_exactmetrics_sitenote_category":0,"footnotes":""},"categories":[19],"tags":[],"class_list":["post-9067","post","type-post","status-publish","format-standard","hentry","category-lettre-l"],"acf":[],"_links":{"self":[{"href":"https:\/\/www.lesmaconsdelacreuse.fr\/annuaires\/wp-json\/wp\/v2\/posts\/9067","targetHints":{"allow":["GET"]}}],"collection":[{"href":"https:\/\/www.lesmaconsdelacreuse.fr\/annuaires\/wp-json\/wp\/v2\/posts"}],"about":[{"href":"https:\/\/www.lesmaconsdelacreuse.fr\/annuaires\/wp-json\/wp\/v2\/types\/post"}],"author":[{"embeddable":true,"href":"https:\/\/www.lesmaconsdelacreuse.fr\/annuaires\/wp-json\/wp\/v2\/users\/6"}],"replies":[{"embeddable":true,"href":"https:\/\/www.lesmaconsdelacreuse.fr\/annuaires\/wp-json\/wp\/v2\/comments?post=9067"}],"version-history":[{"count":0,"href":"https:\/\/www.lesmaconsdelacreuse.fr\/annuaires\/wp-json\/wp\/v2\/posts\/9067\/revisions"}],"wp:attachment":[{"href":"https:\/\/www.lesmaconsdelacreuse.fr\/annuaires\/wp-json\/wp\/v2\/media?parent=9067"}],"wp:term":[{"taxonomy":"category","embeddable":true,"href":"https:\/\/www.lesmaconsdelacreuse.fr\/annuaires\/wp-json\/wp\/v2\/categories?post=9067"},{"taxonomy":"post_tag","embeddable":true,"href":"https:\/\/www.lesmaconsdelacreuse.fr\/annuaires\/wp-json\/wp\/v2\/tags?post=9067"}],"curies":[{"name":"wp","href":"https:\/\/api.w.org\/{rel}","templated":true}]}}